{"id":636,"date":"2020-08-21T11:14:14","date_gmt":"2020-08-21T09:14:14","guid":{"rendered":"https:\/\/festiwale.zakopane.pl\/festiwal-folkloru\/?p=636"},"modified":"2020-08-21T11:14:14","modified_gmt":"2020-08-21T09:14:14","slug":"maria-pomianowska-na-folkowa-nute-2","status":"publish","type":"post","link":"http:\/\/archiwum.festiwale.zakopane.pl\/festiwal-folkloru-2020\/2020\/08\/21\/maria-pomianowska-na-folkowa-nute-2\/","title":{"rendered":"Maria Pomianowska \u201eNa Folkow\u0105 Nut\u0119\u201d"},"content":{"rendered":"<div id=\"widget_36f736a4-4193-4eca-a6c9-c4cf85b5f44b\" class=\"widget velacms-widget-rich-content \" data-widget-id=\"84c22009-ba5f-487b-8dc4-62cc82b996e0\" data-widget-type=\"velacms-widget-rich-content\" data-widget-locked=\"\">\n<div class=\"widget-content\">\n<div class=\"innerHtml\">\n<p><strong>Podczas 7 dnia tegorocznej edycji Mi\u0119dzynarodowego Festiwalu Folkloru Ziem G\u00f3rskich \u201eG\u00f3rale \u015bwiata sercem w Zakopanem\u201d, 22 sierpnia o godz. 18.00 na scenie plenerowej w ogrodzie Centrum Kultury Rodzimej w willi Czerwony Dw\u00f3r odb\u0119dzie si\u0119 koncert polskiej multiinstrumentalistki, wokalistki, kompozytorki, profesor Akademii Muzycznej w Krakowie &#8211; Marii Pomianowskiej &#8211; z cyklu \u201eNa Folkow\u0105 Nut\u0119\u201d. <\/strong><\/p>\n<\/div>\n<\/div>\n<\/div>\n<div id=\"widget_7342dd12-e062-40f8-af32-c96becb587f6\" class=\"widget velacms-widget-rich-content \" data-widget-id=\"d5255b76-7d59-4e96-8470-15eb7f336d08\" data-widget-type=\"velacms-widget-rich-content\" data-widget-locked=\"\">\n<div class=\"widget-content\">\n<div class=\"innerHtml\">\n<p>Artystka znana jest z gry na nietypowych instrumentach muzycznych, m.in.: indyjskiej sarangi czy suce bi\u0142gorajskiej, a tak\u017ce wiolonczeli. Jest za\u0142o\u017cycielk\u0105 czterech zespo\u0142\u00f3w: Raga Sangit, Zesp\u00f3\u0142 Polski, San-Nin Trio i Arctus Poloniae. Na uczelni prowadzi prace nad technikami gry na instrumentach muzycznych Azji, czerpi\u0105c inspiracje z licznych podr\u00f3\u017cy na Daleki oraz Bliski Wsch\u00f3d. Wci\u0105\u017c poszukuje oraz odtwarza techniki gry na dawnych, polskich instrumentach strunowych.<\/p>\n<p>Zapraszamy do pobrania wej\u015bci\u00f3wki na koncert na <a href=\"https:\/\/www.zakopane.pl\/rejestracja-na-wydarzenia#\/\">www.zakopane.pl\/rejestracja-na-wydarzenia#\/<\/a> oraz \u015bledzenia trwaj\u0105cych nadal online aktywno\u015bci festiwalowych na Facebooku, Instagramie i YouTube wydarzenia: MFFZG.Zakopane.<\/p>\n<p>Organizatorem Mi\u0119dzynarodowego Festiwalu Folkloru Ziem G\u00f3rskich jest Miasto Zakopane. Partnerem G\u0142\u00f3wnym jest Wojew\u00f3dztwo Ma\u0142opolskie.<\/p>\n<p><img loading=\"lazy\" class=\"alignnone size-medium wp-image-637\" src=\"http:\/\/archiwum.festiwale.zakopane.pl\/festiwal-folkloru\/wp-content\/uploads\/sites\/7\/2020\/08\/koncert-300x300.jpg\" alt=\"\" width=\"300\" height=\"300\" srcset=\"http:\/\/archiwum.festiwale.zakopane.pl\/festiwal-folkloru-2020\/wp-content\/uploads\/sites\/7\/2020\/08\/koncert-300x300.jpg 300w, http:\/\/archiwum.festiwale.zakopane.pl\/festiwal-folkloru-2020\/wp-content\/uploads\/sites\/7\/2020\/08\/koncert-150x150.jpg 150w, http:\/\/archiwum.festiwale.zakopane.pl\/festiwal-folkloru-2020\/wp-content\/uploads\/sites\/7\/2020\/08\/koncert.jpg 526w\" sizes=\"(max-width: 300px) 100vw, 300px\" \/><\/p>\n<\/div>\n<\/div>\n<\/div>\n","protected":false},"excerpt":{"rendered":"<p>Podczas 7 dnia tegorocznej edycji Mi\u0119dzynarodowego Festiwalu Folkloru Ziem G\u00f3rskich \u201eG\u00f3rale \u015bwiata sercem w Zakopanem\u201d, [&hellip;]<\/p>\n","protected":false},"author":8,"featured_media":637,"comment_status":"closed","ping_status":"closed","sticky":false,"template":"","format":"standard","meta":[],"categories":[1],"tags":[],"acf":[],"_links":{"self":[{"href":"http:\/\/archiwum.festiwale.zakopane.pl\/festiwal-folkloru-2020\/wp-json\/wp\/v2\/posts\/636"}],"collection":[{"href":"http:\/\/archiwum.festiwale.zakopane.pl\/festiwal-folkloru-2020\/wp-json\/wp\/v2\/posts"}],"about":[{"href":"http:\/\/archiwum.festiwale.zakopane.pl\/festiwal-folkloru-2020\/wp-json\/wp\/v2\/types\/post"}],"author":[{"embeddable":true,"href":"http:\/\/archiwum.festiwale.zakopane.pl\/festiwal-folkloru-2020\/wp-json\/wp\/v2\/users\/8"}],"replies":[{"embeddable":true,"href":"http:\/\/archiwum.festiwale.zakopane.pl\/festiwal-folkloru-2020\/wp-json\/wp\/v2\/comments?post=636"}],"version-history":[{"count":1,"href":"http:\/\/archiwum.festiwale.zakopane.pl\/festiwal-folkloru-2020\/wp-json\/wp\/v2\/posts\/636\/revisions"}],"predecessor-version":[{"id":638,"href":"http:\/\/archiwum.festiwale.zakopane.pl\/festiwal-folkloru-2020\/wp-json\/wp\/v2\/posts\/636\/revisions\/638"}],"wp:featuredmedia":[{"embeddable":true,"href":"http:\/\/archiwum.festiwale.zakopane.pl\/festiwal-folkloru-2020\/wp-json\/wp\/v2\/media\/637"}],"wp:attachment":[{"href":"http:\/\/archiwum.festiwale.zakopane.pl\/festiwal-folkloru-2020\/wp-json\/wp\/v2\/media?parent=636"}],"wp:term":[{"taxonomy":"category","embeddable":true,"href":"http:\/\/archiwum.festiwale.zakopane.pl\/festiwal-folkloru-2020\/wp-json\/wp\/v2\/categories?post=636"},{"taxonomy":"post_tag","embeddable":true,"href":"http:\/\/archiwum.festiwale.zakopane.pl\/festiwal-folkloru-2020\/wp-json\/wp\/v2\/tags?post=636"}],"curies":[{"name":"wp","href":"https:\/\/api.w.org\/{rel}","templated":true}]}}