{"id":633,"date":"2020-08-21T11:12:22","date_gmt":"2020-08-21T09:12:22","guid":{"rendered":"https:\/\/festiwale.zakopane.pl\/festiwal-folkloru\/?p=633"},"modified":"2020-08-21T11:12:22","modified_gmt":"2020-08-21T09:12:22","slug":"zakopane-z-dawnych-lat","status":"publish","type":"post","link":"http:\/\/archiwum.festiwale.zakopane.pl\/festiwal-folkloru-2020\/2020\/08\/21\/zakopane-z-dawnych-lat\/","title":{"rendered":"Zakopane z dawnych lat"},"content":{"rendered":"<div id=\"widget_36f736a4-4193-4eca-a6c9-c4cf85b5f44b\" class=\"widget velacms-widget-rich-content \" data-widget-id=\"9b57516b-6cd7-48cb-b328-828aef513931\" data-widget-type=\"velacms-widget-rich-content\" data-widget-locked=\"\">\n<div class=\"widget-content\">\n<div class=\"innerHtml\">\n<p><span class=\"oi732d6d ik7dh3pa d2edcug0 qv66sw1b c1et5uql a8c37x1j muag1w35 ew0dbk1b jq4qci2q a3bd9o3v knj5qynh oo9gr5id hzawbc8m\">W niezwyk\u0142ej aurze ogrodu willi Czerwony Dw\u00f3r, w czwartek 20 sierpnia, na ekranie Mobilnego Kina Letniego Outdoor Cinema wy\u015bwietlono stare kroniki filmowe o Zakopanem. <\/span><\/p>\n<\/div>\n<\/div>\n<\/div>\n<div id=\"widget_7342dd12-e062-40f8-af32-c96becb587f6\" class=\"widget velacms-widget-rich-content \" data-widget-id=\"d2e2d30a-0535-4629-91bb-67a48400d1e6\" data-widget-type=\"velacms-widget-rich-content\" data-widget-locked=\"\">\n<div class=\"widget-content\">\n<div class=\"innerHtml\">\n<p><span class=\"oi732d6d ik7dh3pa d2edcug0 qv66sw1b c1et5uql a8c37x1j muag1w35 ew0dbk1b jq4qci2q a3bd9o3v knj5qynh oo9gr5id hzawbc8m\">Na podr\u00f3\u017c w przesz\u0142o\u015b\u0107 zaprosili organizatorzy Mi\u0119dzynarodowego Festiwalu Folkloru Ziem G\u00f3rskich: Miasto Zakopane, Zakopia\u0144skie Centrum Kultury oraz Outdoor Cinema. <\/span><\/p>\n<p>&nbsp;<\/p>\n<p>&nbsp;<\/p>\n<\/div>\n<\/div>\n<\/div>\n","protected":false},"excerpt":{"rendered":"<p>W niezwyk\u0142ej aurze ogrodu willi Czerwony Dw\u00f3r, w czwartek 20 sierpnia, na ekranie Mobilnego Kina [&hellip;]<\/p>\n","protected":false},"author":8,"featured_media":634,"comment_status":"closed","ping_status":"closed","sticky":false,"template":"","format":"standard","meta":[],"categories":[1],"tags":[],"acf":[],"_links":{"self":[{"href":"http:\/\/archiwum.festiwale.zakopane.pl\/festiwal-folkloru-2020\/wp-json\/wp\/v2\/posts\/633"}],"collection":[{"href":"http:\/\/archiwum.festiwale.zakopane.pl\/festiwal-folkloru-2020\/wp-json\/wp\/v2\/posts"}],"about":[{"href":"http:\/\/archiwum.festiwale.zakopane.pl\/festiwal-folkloru-2020\/wp-json\/wp\/v2\/types\/post"}],"author":[{"embeddable":true,"href":"http:\/\/archiwum.festiwale.zakopane.pl\/festiwal-folkloru-2020\/wp-json\/wp\/v2\/users\/8"}],"replies":[{"embeddable":true,"href":"http:\/\/archiwum.festiwale.zakopane.pl\/festiwal-folkloru-2020\/wp-json\/wp\/v2\/comments?post=633"}],"version-history":[{"count":1,"href":"http:\/\/archiwum.festiwale.zakopane.pl\/festiwal-folkloru-2020\/wp-json\/wp\/v2\/posts\/633\/revisions"}],"predecessor-version":[{"id":635,"href":"http:\/\/archiwum.festiwale.zakopane.pl\/festiwal-folkloru-2020\/wp-json\/wp\/v2\/posts\/633\/revisions\/635"}],"wp:featuredmedia":[{"embeddable":true,"href":"http:\/\/archiwum.festiwale.zakopane.pl\/festiwal-folkloru-2020\/wp-json\/wp\/v2\/media\/634"}],"wp:attachment":[{"href":"http:\/\/archiwum.festiwale.zakopane.pl\/festiwal-folkloru-2020\/wp-json\/wp\/v2\/media?parent=633"}],"wp:term":[{"taxonomy":"category","embeddable":true,"href":"http:\/\/archiwum.festiwale.zakopane.pl\/festiwal-folkloru-2020\/wp-json\/wp\/v2\/categories?post=633"},{"taxonomy":"post_tag","embeddable":true,"href":"http:\/\/archiwum.festiwale.zakopane.pl\/festiwal-folkloru-2020\/wp-json\/wp\/v2\/tags?post=633"}],"curies":[{"name":"wp","href":"https:\/\/api.w.org\/{rel}","templated":true}]}}