{"id":630,"date":"2020-08-21T09:12:42","date_gmt":"2020-08-21T07:12:42","guid":{"rendered":"https:\/\/festiwale.zakopane.pl\/festiwal-folkloru\/?p=630"},"modified":"2020-08-21T10:52:54","modified_gmt":"2020-08-21T08:52:54","slug":"animacje-i-warsztaty-on-line","status":"publish","type":"post","link":"http:\/\/archiwum.festiwale.zakopane.pl\/festiwal-folkloru-2020\/2020\/08\/21\/animacje-i-warsztaty-on-line\/","title":{"rendered":"Animacje i warsztaty on-line"},"content":{"rendered":"<p>Na kanale <a href=\"https:\/\/www.youtube.com\/user\/MFFZG\">YouTube Mi\u0119dzynarodowego Festiwalu Folkloru Ziem G\u00f3rskich w Zakopanem<\/a> mo\u017cna obejrze\u0107 animacje i warsztaty po\u015bwi\u0119cone m.in. tworzeniu &#8222;\u017cywych obraz\u00f3w&#8221;, kolorowych serwetek, koralikowej bi\u017cuterii i wielu innych.<\/p>\n<p>Zach\u0119camy, by inspiruj\u0105c si\u0119 prezentowanymi przyk\u0142adami, samemu stworzy\u0107 ma\u0142e dzie\u0142a sztuki, a efekty w formie zdj\u0119\u0107 przes\u0142a\u0107 na adres <a href=\"mailto:mffzg@zakopane.eu\">mffzg@zakopane.eu <\/a><\/p>\n<p>Czekamy i \u017cyczymy dobrej zabawy!<\/p>\n","protected":false},"excerpt":{"rendered":"<p>Na kanale YouTube Mi\u0119dzynarodowego Festiwalu Folkloru Ziem G\u00f3rskich w Zakopanem mo\u017cna obejrze\u0107 animacje i warsztaty [&hellip;]<\/p>\n","protected":false},"author":8,"featured_media":272,"comment_status":"closed","ping_status":"closed","sticky":false,"template":"","format":"standard","meta":[],"categories":[1],"tags":[],"acf":[],"_links":{"self":[{"href":"http:\/\/archiwum.festiwale.zakopane.pl\/festiwal-folkloru-2020\/wp-json\/wp\/v2\/posts\/630"}],"collection":[{"href":"http:\/\/archiwum.festiwale.zakopane.pl\/festiwal-folkloru-2020\/wp-json\/wp\/v2\/posts"}],"about":[{"href":"http:\/\/archiwum.festiwale.zakopane.pl\/festiwal-folkloru-2020\/wp-json\/wp\/v2\/types\/post"}],"author":[{"embeddable":true,"href":"http:\/\/archiwum.festiwale.zakopane.pl\/festiwal-folkloru-2020\/wp-json\/wp\/v2\/users\/8"}],"replies":[{"embeddable":true,"href":"http:\/\/archiwum.festiwale.zakopane.pl\/festiwal-folkloru-2020\/wp-json\/wp\/v2\/comments?post=630"}],"version-history":[{"count":2,"href":"http:\/\/archiwum.festiwale.zakopane.pl\/festiwal-folkloru-2020\/wp-json\/wp\/v2\/posts\/630\/revisions"}],"predecessor-version":[{"id":632,"href":"http:\/\/archiwum.festiwale.zakopane.pl\/festiwal-folkloru-2020\/wp-json\/wp\/v2\/posts\/630\/revisions\/632"}],"wp:featuredmedia":[{"embeddable":true,"href":"http:\/\/archiwum.festiwale.zakopane.pl\/festiwal-folkloru-2020\/wp-json\/wp\/v2\/media\/272"}],"wp:attachment":[{"href":"http:\/\/archiwum.festiwale.zakopane.pl\/festiwal-folkloru-2020\/wp-json\/wp\/v2\/media?parent=630"}],"wp:term":[{"taxonomy":"category","embeddable":true,"href":"http:\/\/archiwum.festiwale.zakopane.pl\/festiwal-folkloru-2020\/wp-json\/wp\/v2\/categories?post=630"},{"taxonomy":"post_tag","embeddable":true,"href":"http:\/\/archiwum.festiwale.zakopane.pl\/festiwal-folkloru-2020\/wp-json\/wp\/v2\/tags?post=630"}],"curies":[{"name":"wp","href":"https:\/\/api.w.org\/{rel}","templated":true}]}}