{"id":584,"date":"2020-08-21T09:02:20","date_gmt":"2020-08-21T07:02:20","guid":{"rendered":"https:\/\/festiwale.zakopane.pl\/festiwal-folkloru\/?p=584"},"modified":"2020-08-21T09:02:20","modified_gmt":"2020-08-21T07:02:20","slug":"festiwalowi-tworcy-ludowi-cz-3","status":"publish","type":"post","link":"http:\/\/archiwum.festiwale.zakopane.pl\/festiwal-folkloru-2020\/2020\/08\/21\/festiwalowi-tworcy-ludowi-cz-3\/","title":{"rendered":"Festiwalowi tw\u00f3rcy ludowi cz. 3"},"content":{"rendered":"<p>Zapraszamy do zapoznania si\u0119 z ostatni\u0105 ods\u0142on\u0105 biogram\u00f3w tw\u00f3rc\u00f3w ludowych Podhala, kt\u00f3rzy towarzyszyli lub towarzysz\u0105 nadal Mi\u0119dzynarodowemu Festiwalowi Folkloru Ziem G\u00f3rskich tworz\u0105c jego niepowtarzalny koloryt.<\/p>\n<p>W tej cz\u0119\u015bci prezentujemy Haniaczykowe trombity, rogi i dzwoneczki, ciupagi, parzenice, zbyrkad\u0142a i znaczki oraz izby regionalne.<\/p>\n<p>Biogramy pochodz\u0105 z publikacji festiwalowej Jolanty Flach \u201eKalejdoskopowy \u015bwiat. Z historii kiermasz\u00f3w sztuki ludowej w Zakopanem w latach 1968-2017\u201d.<\/p>\n<p><img loading=\"lazy\" class=\"alignnone size-medium wp-image-585\" src=\"http:\/\/archiwum.festiwale.zakopane.pl\/festiwal-folkloru\/wp-content\/uploads\/sites\/7\/2020\/08\/96-225x300.jpg\" alt=\"\" width=\"225\" height=\"300\" srcset=\"http:\/\/archiwum.festiwale.zakopane.pl\/festiwal-folkloru-2020\/wp-content\/uploads\/sites\/7\/2020\/08\/96-225x300.jpg 225w, http:\/\/archiwum.festiwale.zakopane.pl\/festiwal-folkloru-2020\/wp-content\/uploads\/sites\/7\/2020\/08\/96.jpg 613w\" sizes=\"(max-width: 225px) 100vw, 225px\" \/> <img loading=\"lazy\" class=\"alignnone size-medium wp-image-586\" src=\"http:\/\/archiwum.festiwale.zakopane.pl\/festiwal-folkloru\/wp-content\/uploads\/sites\/7\/2020\/08\/97-223x300.jpg\" alt=\"\" width=\"223\" height=\"300\" srcset=\"http:\/\/archiwum.festiwale.zakopane.pl\/festiwal-folkloru-2020\/wp-content\/uploads\/sites\/7\/2020\/08\/97-223x300.jpg 223w, http:\/\/archiwum.festiwale.zakopane.pl\/festiwal-folkloru-2020\/wp-content\/uploads\/sites\/7\/2020\/08\/97.jpg 593w\" sizes=\"(max-width: 223px) 100vw, 223px\" \/> <img loading=\"lazy\" class=\"alignnone size-medium wp-image-587\" src=\"http:\/\/archiwum.festiwale.zakopane.pl\/festiwal-folkloru\/wp-content\/uploads\/sites\/7\/2020\/08\/98-203x300.jpg\" alt=\"\" width=\"203\" height=\"300\" srcset=\"http:\/\/archiwum.festiwale.zakopane.pl\/festiwal-folkloru-2020\/wp-content\/uploads\/sites\/7\/2020\/08\/98-203x300.jpg 203w, http:\/\/archiwum.festiwale.zakopane.pl\/festiwal-folkloru-2020\/wp-content\/uploads\/sites\/7\/2020\/08\/98.jpg 563w\" sizes=\"(max-width: 203px) 100vw, 203px\" \/> <img loading=\"lazy\" class=\"alignnone size-medium wp-image-588\" src=\"http:\/\/archiwum.festiwale.zakopane.pl\/festiwal-folkloru\/wp-content\/uploads\/sites\/7\/2020\/08\/99-212x300.jpg\" alt=\"\" width=\"212\" height=\"300\" srcset=\"http:\/\/archiwum.festiwale.zakopane.pl\/festiwal-folkloru-2020\/wp-content\/uploads\/sites\/7\/2020\/08\/99-212x300.jpg 212w, http:\/\/archiwum.festiwale.zakopane.pl\/festiwal-folkloru-2020\/wp-content\/uploads\/sites\/7\/2020\/08\/99.jpg 583w\" sizes=\"(max-width: 212px) 100vw, 212px\" \/> <img loading=\"lazy\" class=\"alignnone size-medium wp-image-589\" src=\"http:\/\/archiwum.festiwale.zakopane.pl\/festiwal-folkloru\/wp-content\/uploads\/sites\/7\/2020\/08\/100-205x300.jpg\" alt=\"\" width=\"205\" height=\"300\" srcset=\"http:\/\/archiwum.festiwale.zakopane.pl\/festiwal-folkloru-2020\/wp-content\/uploads\/sites\/7\/2020\/08\/100-205x300.jpg 205w, http:\/\/archiwum.festiwale.zakopane.pl\/festiwal-folkloru-2020\/wp-content\/uploads\/sites\/7\/2020\/08\/100.jpg 572w\" sizes=\"(max-width: 205px) 100vw, 205px\" \/> <img loading=\"lazy\" class=\"alignnone size-medium wp-image-590\" src=\"http:\/\/archiwum.festiwale.zakopane.pl\/festiwal-folkloru\/wp-content\/uploads\/sites\/7\/2020\/08\/101-224x300.jpg\" alt=\"\" width=\"224\" height=\"300\" srcset=\"http:\/\/archiwum.festiwale.zakopane.pl\/festiwal-folkloru-2020\/wp-content\/uploads\/sites\/7\/2020\/08\/101-224x300.jpg 224w, http:\/\/archiwum.festiwale.zakopane.pl\/festiwal-folkloru-2020\/wp-content\/uploads\/sites\/7\/2020\/08\/101.jpg 621w\" sizes=\"(max-width: 224px) 100vw, 224px\" \/> <img loading=\"lazy\" class=\"alignnone size-medium wp-image-591\" src=\"http:\/\/archiwum.festiwale.zakopane.pl\/festiwal-folkloru\/wp-content\/uploads\/sites\/7\/2020\/08\/102-211x300.jpg\" alt=\"\" width=\"211\" height=\"300\" srcset=\"http:\/\/archiwum.festiwale.zakopane.pl\/festiwal-folkloru-2020\/wp-content\/uploads\/sites\/7\/2020\/08\/102-211x300.jpg 211w, http:\/\/archiwum.festiwale.zakopane.pl\/festiwal-folkloru-2020\/wp-content\/uploads\/sites\/7\/2020\/08\/102.jpg 582w\" sizes=\"(max-width: 211px) 100vw, 211px\" \/> <img loading=\"lazy\" class=\"alignnone size-medium wp-image-592\" src=\"http:\/\/archiwum.festiwale.zakopane.pl\/festiwal-folkloru\/wp-content\/uploads\/sites\/7\/2020\/08\/103-210x300.jpg\" alt=\"\" width=\"210\" height=\"300\" srcset=\"http:\/\/archiwum.festiwale.zakopane.pl\/festiwal-folkloru-2020\/wp-content\/uploads\/sites\/7\/2020\/08\/103-210x300.jpg 210w, http:\/\/archiwum.festiwale.zakopane.pl\/festiwal-folkloru-2020\/wp-content\/uploads\/sites\/7\/2020\/08\/103.jpg 600w\" sizes=\"(max-width: 210px) 100vw, 210px\" \/> <img loading=\"lazy\" class=\"alignnone size-medium wp-image-593\" src=\"http:\/\/archiwum.festiwale.zakopane.pl\/festiwal-folkloru\/wp-content\/uploads\/sites\/7\/2020\/08\/104-202x300.jpg\" alt=\"\" width=\"202\" height=\"300\" srcset=\"http:\/\/archiwum.festiwale.zakopane.pl\/festiwal-folkloru-2020\/wp-content\/uploads\/sites\/7\/2020\/08\/104-202x300.jpg 202w, http:\/\/archiwum.festiwale.zakopane.pl\/festiwal-folkloru-2020\/wp-content\/uploads\/sites\/7\/2020\/08\/104.jpg 563w\" sizes=\"(max-width: 202px) 100vw, 202px\" \/> <img loading=\"lazy\" class=\"alignnone size-medium wp-image-594\" src=\"http:\/\/archiwum.festiwale.zakopane.pl\/festiwal-folkloru\/wp-content\/uploads\/sites\/7\/2020\/08\/105-212x300.jpg\" alt=\"\" width=\"212\" height=\"300\" srcset=\"http:\/\/archiwum.festiwale.zakopane.pl\/festiwal-folkloru-2020\/wp-content\/uploads\/sites\/7\/2020\/08\/105-212x300.jpg 212w, http:\/\/archiwum.festiwale.zakopane.pl\/festiwal-folkloru-2020\/wp-content\/uploads\/sites\/7\/2020\/08\/105.jpg 593w\" sizes=\"(max-width: 212px) 100vw, 212px\" \/> <img loading=\"lazy\" class=\"alignnone size-medium wp-image-595\" src=\"http:\/\/archiwum.festiwale.zakopane.pl\/festiwal-folkloru\/wp-content\/uploads\/sites\/7\/2020\/08\/78-221x300.jpg\" alt=\"\" width=\"221\" height=\"300\" srcset=\"http:\/\/archiwum.festiwale.zakopane.pl\/festiwal-folkloru-2020\/wp-content\/uploads\/sites\/7\/2020\/08\/78-221x300.jpg 221w, http:\/\/archiwum.festiwale.zakopane.pl\/festiwal-folkloru-2020\/wp-content\/uploads\/sites\/7\/2020\/08\/78.jpg 646w\" sizes=\"(max-width: 221px) 100vw, 221px\" \/> <img loading=\"lazy\" class=\"alignnone size-medium wp-image-596\" src=\"http:\/\/archiwum.festiwale.zakopane.pl\/festiwal-folkloru\/wp-content\/uploads\/sites\/7\/2020\/08\/79-217x300.jpg\" alt=\"\" width=\"217\" height=\"300\" srcset=\"http:\/\/archiwum.festiwale.zakopane.pl\/festiwal-folkloru-2020\/wp-content\/uploads\/sites\/7\/2020\/08\/79-217x300.jpg 217w, http:\/\/archiwum.festiwale.zakopane.pl\/festiwal-folkloru-2020\/wp-content\/uploads\/sites\/7\/2020\/08\/79.jpg 642w\" sizes=\"(max-width: 217px) 100vw, 217px\" \/> <img loading=\"lazy\" class=\"alignnone size-medium wp-image-597\" src=\"http:\/\/archiwum.festiwale.zakopane.pl\/festiwal-folkloru\/wp-content\/uploads\/sites\/7\/2020\/08\/80-254x300.jpg\" alt=\"\" width=\"254\" height=\"300\" srcset=\"http:\/\/archiwum.festiwale.zakopane.pl\/festiwal-folkloru-2020\/wp-content\/uploads\/sites\/7\/2020\/08\/80-254x300.jpg 254w, http:\/\/archiwum.festiwale.zakopane.pl\/festiwal-folkloru-2020\/wp-content\/uploads\/sites\/7\/2020\/08\/80.jpg 635w\" sizes=\"(max-width: 254px) 100vw, 254px\" \/> <img loading=\"lazy\" class=\"alignnone size-medium wp-image-598\" src=\"http:\/\/archiwum.festiwale.zakopane.pl\/festiwal-folkloru\/wp-content\/uploads\/sites\/7\/2020\/08\/81-214x300.jpg\" alt=\"\" width=\"214\" height=\"300\" srcset=\"http:\/\/archiwum.festiwale.zakopane.pl\/festiwal-folkloru-2020\/wp-content\/uploads\/sites\/7\/2020\/08\/81-214x300.jpg 214w, http:\/\/archiwum.festiwale.zakopane.pl\/festiwal-folkloru-2020\/wp-content\/uploads\/sites\/7\/2020\/08\/81.jpg 647w\" sizes=\"(max-width: 214px) 100vw, 214px\" \/> <img loading=\"lazy\" class=\"alignnone size-medium wp-image-599\" src=\"http:\/\/archiwum.festiwale.zakopane.pl\/festiwal-folkloru\/wp-content\/uploads\/sites\/7\/2020\/08\/82-222x300.jpg\" alt=\"\" width=\"222\" height=\"300\" srcset=\"http:\/\/archiwum.festiwale.zakopane.pl\/festiwal-folkloru-2020\/wp-content\/uploads\/sites\/7\/2020\/08\/82-222x300.jpg 222w, http:\/\/archiwum.festiwale.zakopane.pl\/festiwal-folkloru-2020\/wp-content\/uploads\/sites\/7\/2020\/08\/82.jpg 660w\" sizes=\"(max-width: 222px) 100vw, 222px\" \/> <img loading=\"lazy\" class=\"alignnone size-medium wp-image-600\" src=\"http:\/\/archiwum.festiwale.zakopane.pl\/festiwal-folkloru\/wp-content\/uploads\/sites\/7\/2020\/08\/83-300x277.jpg\" alt=\"\" width=\"300\" height=\"277\" srcset=\"http:\/\/archiwum.festiwale.zakopane.pl\/festiwal-folkloru-2020\/wp-content\/uploads\/sites\/7\/2020\/08\/83-300x277.jpg 300w, http:\/\/archiwum.festiwale.zakopane.pl\/festiwal-folkloru-2020\/wp-content\/uploads\/sites\/7\/2020\/08\/83.jpg 672w\" sizes=\"(max-width: 300px) 100vw, 300px\" \/> <img loading=\"lazy\" class=\"alignnone size-medium wp-image-601\" src=\"http:\/\/archiwum.festiwale.zakopane.pl\/festiwal-folkloru\/wp-content\/uploads\/sites\/7\/2020\/08\/84-230x300.jpg\" alt=\"\" width=\"230\" height=\"300\" srcset=\"http:\/\/archiwum.festiwale.zakopane.pl\/festiwal-folkloru-2020\/wp-content\/uploads\/sites\/7\/2020\/08\/84-230x300.jpg 230w, http:\/\/archiwum.festiwale.zakopane.pl\/festiwal-folkloru-2020\/wp-content\/uploads\/sites\/7\/2020\/08\/84.jpg 663w\" sizes=\"(max-width: 230px) 100vw, 230px\" \/> <img loading=\"lazy\" class=\"alignnone size-medium wp-image-602\" src=\"http:\/\/archiwum.festiwale.zakopane.pl\/festiwal-folkloru\/wp-content\/uploads\/sites\/7\/2020\/08\/85-216x300.jpg\" alt=\"\" width=\"216\" height=\"300\" srcset=\"http:\/\/archiwum.festiwale.zakopane.pl\/festiwal-folkloru-2020\/wp-content\/uploads\/sites\/7\/2020\/08\/85-216x300.jpg 216w, http:\/\/archiwum.festiwale.zakopane.pl\/festiwal-folkloru-2020\/wp-content\/uploads\/sites\/7\/2020\/08\/85.jpg 648w\" sizes=\"(max-width: 216px) 100vw, 216px\" \/> <img loading=\"lazy\" class=\"alignnone size-medium wp-image-603\" src=\"http:\/\/archiwum.festiwale.zakopane.pl\/festiwal-folkloru\/wp-content\/uploads\/sites\/7\/2020\/08\/86-218x300.jpg\" alt=\"\" width=\"218\" height=\"300\" srcset=\"http:\/\/archiwum.festiwale.zakopane.pl\/festiwal-folkloru-2020\/wp-content\/uploads\/sites\/7\/2020\/08\/86-218x300.jpg 218w, http:\/\/archiwum.festiwale.zakopane.pl\/festiwal-folkloru-2020\/wp-content\/uploads\/sites\/7\/2020\/08\/86.jpg 655w\" sizes=\"(max-width: 218px) 100vw, 218px\" \/> <img loading=\"lazy\" class=\"alignnone size-medium wp-image-604\" src=\"http:\/\/archiwum.festiwale.zakopane.pl\/festiwal-folkloru\/wp-content\/uploads\/sites\/7\/2020\/08\/87-220x300.jpg\" alt=\"\" width=\"220\" height=\"300\" srcset=\"http:\/\/archiwum.festiwale.zakopane.pl\/festiwal-folkloru-2020\/wp-content\/uploads\/sites\/7\/2020\/08\/87-220x300.jpg 220w, http:\/\/archiwum.festiwale.zakopane.pl\/festiwal-folkloru-2020\/wp-content\/uploads\/sites\/7\/2020\/08\/87.jpg 647w\" sizes=\"(max-width: 220px) 100vw, 220px\" \/> <img loading=\"lazy\" class=\"alignnone size-medium wp-image-605\" src=\"http:\/\/archiwum.festiwale.zakopane.pl\/festiwal-folkloru\/wp-content\/uploads\/sites\/7\/2020\/08\/88-300x274.jpg\" alt=\"\" width=\"300\" height=\"274\" srcset=\"http:\/\/archiwum.festiwale.zakopane.pl\/festiwal-folkloru-2020\/wp-content\/uploads\/sites\/7\/2020\/08\/88-300x274.jpg 300w, http:\/\/archiwum.festiwale.zakopane.pl\/festiwal-folkloru-2020\/wp-content\/uploads\/sites\/7\/2020\/08\/88.jpg 753w\" sizes=\"(max-width: 300px) 100vw, 300px\" \/> <img loading=\"lazy\" class=\"alignnone size-medium wp-image-606\" src=\"http:\/\/archiwum.festiwale.zakopane.pl\/festiwal-folkloru\/wp-content\/uploads\/sites\/7\/2020\/08\/89-236x300.jpg\" alt=\"\" width=\"236\" height=\"300\" srcset=\"http:\/\/archiwum.festiwale.zakopane.pl\/festiwal-folkloru-2020\/wp-content\/uploads\/sites\/7\/2020\/08\/89-236x300.jpg 236w, http:\/\/archiwum.festiwale.zakopane.pl\/festiwal-folkloru-2020\/wp-content\/uploads\/sites\/7\/2020\/08\/89.jpg 674w\" sizes=\"(max-width: 236px) 100vw, 236px\" \/> <img loading=\"lazy\" class=\"alignnone size-medium wp-image-607\" src=\"http:\/\/archiwum.festiwale.zakopane.pl\/festiwal-folkloru\/wp-content\/uploads\/sites\/7\/2020\/08\/90-223x300.jpg\" alt=\"\" width=\"223\" height=\"300\" srcset=\"http:\/\/archiwum.festiwale.zakopane.pl\/festiwal-folkloru-2020\/wp-content\/uploads\/sites\/7\/2020\/08\/90-223x300.jpg 223w, http:\/\/archiwum.festiwale.zakopane.pl\/festiwal-folkloru-2020\/wp-content\/uploads\/sites\/7\/2020\/08\/90.jpg 658w\" sizes=\"(max-width: 223px) 100vw, 223px\" \/> <img loading=\"lazy\" class=\"alignnone size-medium wp-image-608\" src=\"http:\/\/archiwum.festiwale.zakopane.pl\/festiwal-folkloru\/wp-content\/uploads\/sites\/7\/2020\/08\/91-222x300.jpg\" alt=\"\" width=\"222\" height=\"300\" srcset=\"http:\/\/archiwum.festiwale.zakopane.pl\/festiwal-folkloru-2020\/wp-content\/uploads\/sites\/7\/2020\/08\/91-222x300.jpg 222w, http:\/\/archiwum.festiwale.zakopane.pl\/festiwal-folkloru-2020\/wp-content\/uploads\/sites\/7\/2020\/08\/91.jpg 656w\" sizes=\"(max-width: 222px) 100vw, 222px\" \/> <img loading=\"lazy\" class=\"alignnone size-medium wp-image-609\" src=\"http:\/\/archiwum.festiwale.zakopane.pl\/festiwal-folkloru\/wp-content\/uploads\/sites\/7\/2020\/08\/92-224x300.jpg\" alt=\"\" width=\"224\" height=\"300\" srcset=\"http:\/\/archiwum.festiwale.zakopane.pl\/festiwal-folkloru-2020\/wp-content\/uploads\/sites\/7\/2020\/08\/92-224x300.jpg 224w, http:\/\/archiwum.festiwale.zakopane.pl\/festiwal-folkloru-2020\/wp-content\/uploads\/sites\/7\/2020\/08\/92.jpg 656w\" sizes=\"(max-width: 224px) 100vw, 224px\" \/> <img loading=\"lazy\" class=\"alignnone size-medium wp-image-610\" src=\"http:\/\/archiwum.festiwale.zakopane.pl\/festiwal-folkloru\/wp-content\/uploads\/sites\/7\/2020\/08\/93-222x300.jpg\" alt=\"\" width=\"222\" height=\"300\" srcset=\"http:\/\/archiwum.festiwale.zakopane.pl\/festiwal-folkloru-2020\/wp-content\/uploads\/sites\/7\/2020\/08\/93-222x300.jpg 222w, http:\/\/archiwum.festiwale.zakopane.pl\/festiwal-folkloru-2020\/wp-content\/uploads\/sites\/7\/2020\/08\/93.jpg 649w\" sizes=\"(max-width: 222px) 100vw, 222px\" \/> <img loading=\"lazy\" class=\"alignnone size-medium wp-image-611\" src=\"http:\/\/archiwum.festiwale.zakopane.pl\/festiwal-folkloru\/wp-content\/uploads\/sites\/7\/2020\/08\/94-223x300.jpg\" alt=\"\" width=\"223\" height=\"300\" srcset=\"http:\/\/archiwum.festiwale.zakopane.pl\/festiwal-folkloru-2020\/wp-content\/uploads\/sites\/7\/2020\/08\/94-223x300.jpg 223w, http:\/\/archiwum.festiwale.zakopane.pl\/festiwal-folkloru-2020\/wp-content\/uploads\/sites\/7\/2020\/08\/94.jpg 652w\" sizes=\"(max-width: 223px) 100vw, 223px\" \/> <img loading=\"lazy\" class=\"alignnone size-medium wp-image-612\" src=\"http:\/\/archiwum.festiwale.zakopane.pl\/festiwal-folkloru\/wp-content\/uploads\/sites\/7\/2020\/08\/95-216x300.jpg\" alt=\"\" width=\"216\" height=\"300\" srcset=\"http:\/\/archiwum.festiwale.zakopane.pl\/festiwal-folkloru-2020\/wp-content\/uploads\/sites\/7\/2020\/08\/95-216x300.jpg 216w, http:\/\/archiwum.festiwale.zakopane.pl\/festiwal-folkloru-2020\/wp-content\/uploads\/sites\/7\/2020\/08\/95.jpg 647w\" sizes=\"(max-width: 216px) 100vw, 216px\" \/> <img loading=\"lazy\" class=\"alignnone size-medium wp-image-613\" src=\"http:\/\/archiwum.festiwale.zakopane.pl\/festiwal-folkloru\/wp-content\/uploads\/sites\/7\/2020\/08\/106-242x300.jpg\" alt=\"\" width=\"242\" height=\"300\" srcset=\"http:\/\/archiwum.festiwale.zakopane.pl\/festiwal-folkloru-2020\/wp-content\/uploads\/sites\/7\/2020\/08\/106-242x300.jpg 242w, http:\/\/archiwum.festiwale.zakopane.pl\/festiwal-folkloru-2020\/wp-content\/uploads\/sites\/7\/2020\/08\/106.jpg 514w\" sizes=\"(max-width: 242px) 100vw, 242px\" \/> <img loading=\"lazy\" class=\"alignnone size-medium wp-image-614\" src=\"http:\/\/archiwum.festiwale.zakopane.pl\/festiwal-folkloru\/wp-content\/uploads\/sites\/7\/2020\/08\/107-261x300.jpg\" alt=\"\" width=\"261\" height=\"300\" srcset=\"http:\/\/archiwum.festiwale.zakopane.pl\/festiwal-folkloru-2020\/wp-content\/uploads\/sites\/7\/2020\/08\/107-261x300.jpg 261w, http:\/\/archiwum.festiwale.zakopane.pl\/festiwal-folkloru-2020\/wp-content\/uploads\/sites\/7\/2020\/08\/107.jpg 554w\" sizes=\"(max-width: 261px) 100vw, 261px\" \/> <img loading=\"lazy\" class=\"alignnone size-medium wp-image-615\" src=\"http:\/\/archiwum.festiwale.zakopane.pl\/festiwal-folkloru\/wp-content\/uploads\/sites\/7\/2020\/08\/108-203x300.jpg\" alt=\"\" width=\"203\" height=\"300\" srcset=\"http:\/\/archiwum.festiwale.zakopane.pl\/festiwal-folkloru-2020\/wp-content\/uploads\/sites\/7\/2020\/08\/108-203x300.jpg 203w, http:\/\/archiwum.festiwale.zakopane.pl\/festiwal-folkloru-2020\/wp-content\/uploads\/sites\/7\/2020\/08\/108.jpg 574w\" sizes=\"(max-width: 203px) 100vw, 203px\" \/> <img loading=\"lazy\" class=\"alignnone size-medium wp-image-616\" src=\"http:\/\/archiwum.festiwale.zakopane.pl\/festiwal-folkloru\/wp-content\/uploads\/sites\/7\/2020\/08\/109-209x300.jpg\" alt=\"\" width=\"209\" height=\"300\" srcset=\"http:\/\/archiwum.festiwale.zakopane.pl\/festiwal-folkloru-2020\/wp-content\/uploads\/sites\/7\/2020\/08\/109-209x300.jpg 209w, http:\/\/archiwum.festiwale.zakopane.pl\/festiwal-folkloru-2020\/wp-content\/uploads\/sites\/7\/2020\/08\/109.jpg 581w\" sizes=\"(max-width: 209px) 100vw, 209px\" \/> <img loading=\"lazy\" class=\"alignnone size-medium wp-image-617\" src=\"http:\/\/archiwum.festiwale.zakopane.pl\/festiwal-folkloru\/wp-content\/uploads\/sites\/7\/2020\/08\/110-211x300.jpg\" alt=\"\" width=\"211\" height=\"300\" srcset=\"http:\/\/archiwum.festiwale.zakopane.pl\/festiwal-folkloru-2020\/wp-content\/uploads\/sites\/7\/2020\/08\/110-211x300.jpg 211w, http:\/\/archiwum.festiwale.zakopane.pl\/festiwal-folkloru-2020\/wp-content\/uploads\/sites\/7\/2020\/08\/110.jpg 591w\" sizes=\"(max-width: 211px) 100vw, 211px\" \/> <img loading=\"lazy\" class=\"alignnone size-medium wp-image-618\" src=\"http:\/\/archiwum.festiwale.zakopane.pl\/festiwal-folkloru\/wp-content\/uploads\/sites\/7\/2020\/08\/111-211x300.jpg\" alt=\"\" width=\"211\" height=\"300\" srcset=\"http:\/\/archiwum.festiwale.zakopane.pl\/festiwal-folkloru-2020\/wp-content\/uploads\/sites\/7\/2020\/08\/111-211x300.jpg 211w, http:\/\/archiwum.festiwale.zakopane.pl\/festiwal-folkloru-2020\/wp-content\/uploads\/sites\/7\/2020\/08\/111.jpg 591w\" sizes=\"(max-width: 211px) 100vw, 211px\" \/> <img loading=\"lazy\" class=\"alignnone size-medium wp-image-619\" src=\"http:\/\/archiwum.festiwale.zakopane.pl\/festiwal-folkloru\/wp-content\/uploads\/sites\/7\/2020\/08\/112-200x300.jpg\" alt=\"\" width=\"200\" height=\"300\" srcset=\"http:\/\/archiwum.festiwale.zakopane.pl\/festiwal-folkloru-2020\/wp-content\/uploads\/sites\/7\/2020\/08\/112-200x300.jpg 200w, http:\/\/archiwum.festiwale.zakopane.pl\/festiwal-folkloru-2020\/wp-content\/uploads\/sites\/7\/2020\/08\/112.jpg 559w\" sizes=\"(max-width: 200px) 100vw, 200px\" \/> <img loading=\"lazy\" class=\"alignnone size-medium wp-image-620\" src=\"http:\/\/archiwum.festiwale.zakopane.pl\/festiwal-folkloru\/wp-content\/uploads\/sites\/7\/2020\/08\/113-207x300.jpg\" alt=\"\" width=\"207\" height=\"300\" srcset=\"http:\/\/archiwum.festiwale.zakopane.pl\/festiwal-folkloru-2020\/wp-content\/uploads\/sites\/7\/2020\/08\/113-207x300.jpg 207w, http:\/\/archiwum.festiwale.zakopane.pl\/festiwal-folkloru-2020\/wp-content\/uploads\/sites\/7\/2020\/08\/113.jpg 579w\" sizes=\"(max-width: 207px) 100vw, 207px\" \/> <img loading=\"lazy\" class=\"alignnone size-medium wp-image-621\" src=\"http:\/\/archiwum.festiwale.zakopane.pl\/festiwal-folkloru\/wp-content\/uploads\/sites\/7\/2020\/08\/114-200x300.jpg\" alt=\"\" width=\"200\" height=\"300\" srcset=\"http:\/\/archiwum.festiwale.zakopane.pl\/festiwal-folkloru-2020\/wp-content\/uploads\/sites\/7\/2020\/08\/114-200x300.jpg 200w, http:\/\/archiwum.festiwale.zakopane.pl\/festiwal-folkloru-2020\/wp-content\/uploads\/sites\/7\/2020\/08\/114.jpg 556w\" sizes=\"(max-width: 200px) 100vw, 200px\" \/> <img loading=\"lazy\" class=\"alignnone size-medium wp-image-622\" src=\"http:\/\/archiwum.festiwale.zakopane.pl\/festiwal-folkloru\/wp-content\/uploads\/sites\/7\/2020\/08\/115-200x300.jpg\" alt=\"\" width=\"200\" height=\"300\" srcset=\"http:\/\/archiwum.festiwale.zakopane.pl\/festiwal-folkloru-2020\/wp-content\/uploads\/sites\/7\/2020\/08\/115-200x300.jpg 200w, http:\/\/archiwum.festiwale.zakopane.pl\/festiwal-folkloru-2020\/wp-content\/uploads\/sites\/7\/2020\/08\/115.jpg 548w\" sizes=\"(max-width: 200px) 100vw, 200px\" \/> <img loading=\"lazy\" class=\"alignnone size-medium wp-image-623\" src=\"http:\/\/archiwum.festiwale.zakopane.pl\/festiwal-folkloru\/wp-content\/uploads\/sites\/7\/2020\/08\/116-204x300.jpg\" alt=\"\" width=\"204\" height=\"300\" srcset=\"http:\/\/archiwum.festiwale.zakopane.pl\/festiwal-folkloru-2020\/wp-content\/uploads\/sites\/7\/2020\/08\/116-204x300.jpg 204w, http:\/\/archiwum.festiwale.zakopane.pl\/festiwal-folkloru-2020\/wp-content\/uploads\/sites\/7\/2020\/08\/116.jpg 553w\" sizes=\"(max-width: 204px) 100vw, 204px\" \/> <img loading=\"lazy\" class=\"alignnone size-medium wp-image-624\" src=\"http:\/\/archiwum.festiwale.zakopane.pl\/festiwal-folkloru\/wp-content\/uploads\/sites\/7\/2020\/08\/117-204x300.jpg\" alt=\"\" width=\"204\" height=\"300\" srcset=\"http:\/\/archiwum.festiwale.zakopane.pl\/festiwal-folkloru-2020\/wp-content\/uploads\/sites\/7\/2020\/08\/117-204x300.jpg 204w, http:\/\/archiwum.festiwale.zakopane.pl\/festiwal-folkloru-2020\/wp-content\/uploads\/sites\/7\/2020\/08\/117.jpg 547w\" sizes=\"(max-width: 204px) 100vw, 204px\" \/> <img loading=\"lazy\" class=\"alignnone size-medium wp-image-625\" src=\"http:\/\/archiwum.festiwale.zakopane.pl\/festiwal-folkloru\/wp-content\/uploads\/sites\/7\/2020\/08\/118-205x300.jpg\" alt=\"\" width=\"205\" height=\"300\" srcset=\"http:\/\/archiwum.festiwale.zakopane.pl\/festiwal-folkloru-2020\/wp-content\/uploads\/sites\/7\/2020\/08\/118-205x300.jpg 205w, http:\/\/archiwum.festiwale.zakopane.pl\/festiwal-folkloru-2020\/wp-content\/uploads\/sites\/7\/2020\/08\/118.jpg 571w\" sizes=\"(max-width: 205px) 100vw, 205px\" \/> <img loading=\"lazy\" class=\"alignnone size-medium wp-image-626\" src=\"http:\/\/archiwum.festiwale.zakopane.pl\/festiwal-folkloru\/wp-content\/uploads\/sites\/7\/2020\/08\/119-1-206x300.jpg\" alt=\"\" width=\"206\" height=\"300\" srcset=\"http:\/\/archiwum.festiwale.zakopane.pl\/festiwal-folkloru-2020\/wp-content\/uploads\/sites\/7\/2020\/08\/119-1-206x300.jpg 206w, http:\/\/archiwum.festiwale.zakopane.pl\/festiwal-folkloru-2020\/wp-content\/uploads\/sites\/7\/2020\/08\/119-1.jpg 574w\" sizes=\"(max-width: 206px) 100vw, 206px\" \/> <img loading=\"lazy\" class=\"alignnone size-medium wp-image-627\" src=\"http:\/\/archiwum.festiwale.zakopane.pl\/festiwal-folkloru\/wp-content\/uploads\/sites\/7\/2020\/08\/120-204x300.jpg\" alt=\"\" width=\"204\" height=\"300\" srcset=\"http:\/\/archiwum.festiwale.zakopane.pl\/festiwal-folkloru-2020\/wp-content\/uploads\/sites\/7\/2020\/08\/120-204x300.jpg 204w, http:\/\/archiwum.festiwale.zakopane.pl\/festiwal-folkloru-2020\/wp-content\/uploads\/sites\/7\/2020\/08\/120.jpg 575w\" sizes=\"(max-width: 204px) 100vw, 204px\" \/> <img loading=\"lazy\" class=\"alignnone size-medium wp-image-628\" src=\"http:\/\/archiwum.festiwale.zakopane.pl\/festiwal-folkloru\/wp-content\/uploads\/sites\/7\/2020\/08\/121-205x300.jpg\" alt=\"\" width=\"205\" height=\"300\" srcset=\"http:\/\/archiwum.festiwale.zakopane.pl\/festiwal-folkloru-2020\/wp-content\/uploads\/sites\/7\/2020\/08\/121-205x300.jpg 205w, http:\/\/archiwum.festiwale.zakopane.pl\/festiwal-folkloru-2020\/wp-content\/uploads\/sites\/7\/2020\/08\/121.jpg 578w\" sizes=\"(max-width: 205px) 100vw, 205px\" \/><\/p>\n","protected":false},"excerpt":{"rendered":"<p>Zapraszamy do zapoznania si\u0119 z ostatni\u0105 ods\u0142on\u0105 biogram\u00f3w tw\u00f3rc\u00f3w ludowych Podhala, kt\u00f3rzy towarzyszyli lub towarzysz\u0105 [&hellip;]<\/p>\n","protected":false},"author":8,"featured_media":619,"comment_status":"closed","ping_status":"closed","sticky":false,"template":"","format":"standard","meta":[],"categories":[1],"tags":[],"acf":[],"_links":{"self":[{"href":"http:\/\/archiwum.festiwale.zakopane.pl\/festiwal-folkloru-2020\/wp-json\/wp\/v2\/posts\/584"}],"collection":[{"href":"http:\/\/archiwum.festiwale.zakopane.pl\/festiwal-folkloru-2020\/wp-json\/wp\/v2\/posts"}],"about":[{"href":"http:\/\/archiwum.festiwale.zakopane.pl\/festiwal-folkloru-2020\/wp-json\/wp\/v2\/types\/post"}],"author":[{"embeddable":true,"href":"http:\/\/archiwum.festiwale.zakopane.pl\/festiwal-folkloru-2020\/wp-json\/wp\/v2\/users\/8"}],"replies":[{"embeddable":true,"href":"http:\/\/archiwum.festiwale.zakopane.pl\/festiwal-folkloru-2020\/wp-json\/wp\/v2\/comments?post=584"}],"version-history":[{"count":1,"href":"http:\/\/archiwum.festiwale.zakopane.pl\/festiwal-folkloru-2020\/wp-json\/wp\/v2\/posts\/584\/revisions"}],"predecessor-version":[{"id":629,"href":"http:\/\/archiwum.festiwale.zakopane.pl\/festiwal-folkloru-2020\/wp-json\/wp\/v2\/posts\/584\/revisions\/629"}],"wp:featuredmedia":[{"embeddable":true,"href":"http:\/\/archiwum.festiwale.zakopane.pl\/festiwal-folkloru-2020\/wp-json\/wp\/v2\/media\/619"}],"wp:attachment":[{"href":"http:\/\/archiwum.festiwale.zakopane.pl\/festiwal-folkloru-2020\/wp-json\/wp\/v2\/media?parent=584"}],"wp:term":[{"taxonomy":"category","embeddable":true,"href":"http:\/\/archiwum.festiwale.zakopane.pl\/festiwal-folkloru-2020\/wp-json\/wp\/v2\/categories?post=584"},{"taxonomy":"post_tag","embeddable":true,"href":"http:\/\/archiwum.festiwale.zakopane.pl\/festiwal-folkloru-2020\/wp-json\/wp\/v2\/tags?post=584"}],"curies":[{"name":"wp","href":"https:\/\/api.w.org\/{rel}","templated":true}]}}