{"id":574,"date":"2020-08-20T14:50:58","date_gmt":"2020-08-20T12:50:58","guid":{"rendered":"https:\/\/festiwale.zakopane.pl\/festiwal-folkloru\/?p=574"},"modified":"2020-08-21T11:32:24","modified_gmt":"2020-08-21T09:32:24","slug":"najlepszy-wiersz-o-tematyce-gorskiej-2020","status":"publish","type":"post","link":"http:\/\/archiwum.festiwale.zakopane.pl\/festiwal-folkloru-2020\/2020\/08\/20\/najlepszy-wiersz-o-tematyce-gorskiej-2020\/","title":{"rendered":"Najlepszy wiersz o tematyce g\u00f3rskiej 2020"},"content":{"rendered":"<div id=\"widget_36f736a4-4193-4eca-a6c9-c4cf85b5f44b\" class=\"widget velacms-widget-rich-content \" data-widget-id=\"98796256-00c8-4d94-8fbb-aed91c42a142\" data-widget-type=\"velacms-widget-rich-content\" data-widget-locked=\"\">\n<div class=\"widget-content\">\n<div class=\"innerHtml\">\n<p>Na tegoroczny Og\u00f3lnopolski Konkurs Poetycki na wiersz o tematyce g\u00f3rskiej im. Tadeusza Staicha wp\u0142yn\u0119\u0142o 147 wierszy pisanych gwar\u0105 i j\u0119zykiem literackim.<\/p>\n<\/div>\n<\/div>\n<\/div>\n<div id=\"widget_7342dd12-e062-40f8-af32-c96becb587f6\" class=\"widget velacms-widget-rich-content \" data-widget-id=\"49b8215c-ed4b-49bd-928c-65ef7270605f\" data-widget-type=\"velacms-widget-rich-content\" data-widget-locked=\"\">\n<div class=\"widget-content\">\n<div class=\"innerHtml\">\n<p>Po zapoznaniu si\u0119 z utworami nades\u0142anymi przez 55 autor\u00f3w jury w sk\u0142adzie Adam Ziemianin &#8211; przewodnicz\u0105cy, Maria Mateja-Torbiarz &#8211; sekretarz, Maria \u015aliwi\u0144ska i Mieczys\u0142aw Mantyka, na posiedzeniu zdalnym 15 lipca 2020 postanowi\u0142o przyzna\u0107 nast\u0119puj\u0105ce nagrody:<\/p>\n<ul>\n<li><strong>W kategorii wierszy pisanych gwar\u0105 przyzna\u0107:<\/strong><\/li>\n<\/ul>\n<p>I nagrod\u0119 autorowi god\u0142o \u201eBio\u0142o stonzka\u201d\u2013 Izabela W\u00f3jcik z Nowego Targu &#8211; za ca\u0142o\u015b\u0107 wierszy<\/p>\n<p>II nagrod\u0119 autorowi god\u0142o \u201eSkorusa\u201d \u2013 Zofia Roj Mrozicka z Zakopanego &#8211; za ca\u0142o\u015b\u0107 wierszy<\/p>\n<ul>\n<li><strong>W kategorii wierszy pisanych j\u0119zykiem literackim przyzna\u0107:<\/strong><\/li>\n<\/ul>\n<p>I nagrod\u0119 autorowi god\u0142o \u201eSiklawa\u201d \u2013 Marek Szczerbi\u0144ski z Krakowa \u2013 za ca\u0142o\u015b\u0107 wierszy<\/p>\n<p>II nagrod\u0119 autorowi god\u0142o \u201ePyzdra\u201d \u2013 Tadeusz Knyziak z Warszawy \u2013 za ca\u0142o\u015b\u0107 wierszy<\/p>\n<p>III nagrod\u0119 autorowi: god\u0142o \u201ePstr\u0105g\u201d \u2013 Anna Piliszewska z Wieliczki \u2013 za wiersz \u201eWtajemniczeni\u201d<\/p>\n<p>wyr\u00f3\u017cnienie autorowi god\u0142o \u201eOmega\u201d \u2013 Edyta Wysocka z Miastka \u2013 za ca\u0142o\u015b\u0107 wierszy<\/p>\n<p>wyr\u00f3\u017cnienie autorowi god\u0142o \u201eG\u0142os ciszy\u201d \u2013 Magdalena Dryl z Sanoka \u2013 za ca\u0142o\u015b\u0107 wierszy<\/p>\n<p>wyr\u00f3\u017cnienie autorowi god\u0142o \u201eLogos16\u201d \u2013 Maria Kali\u0144ska z Maciejowa Nowego \u2013 za ca\u0142o\u015b\u0107 wierszy<\/p>\n<p>wyr\u00f3\u017cnienie autorowi god\u0142o \u201eDym\u201d \u2013 Miros\u0142aw Kowalski z Mys\u0142owic\u2013 za ca\u0142o\u015b\u0107 wierszy<\/p>\n<p>Jury gratuluje laureatom oryginalno\u015bci, talentu i ciekawego spojrzenia na g\u00f3ry i zwi\u0105zane z nimi zjawiska. Gratulujemy wszystkim uczestnikom konkursu, zapraszaj\u0105c jednocze\u015bnie do uczestnictwa w kolejnych edycjach.<\/p>\n<p><a href=\"http:\/\/archiwum.festiwale.zakopane.pl\/festiwal-folkloru\/wp-content\/uploads\/sites\/7\/2020\/08\/protokol-Staicha.pdf\">protok\u00f3\u0142 Staicha<\/a><\/p>\n<p><a href=\"http:\/\/archiwum.festiwale.zakopane.pl\/festiwal-folkloru\/wp-content\/uploads\/sites\/7\/2020\/08\/Wiersze-Staicha-2020.pdf\">Wiersze Staicha 2020<\/a><\/p>\n<p>Zdj\u0119cie udost\u0119pnione przez Pani\u0105 Zofi\u0119 Staich<span class=\"redactor-invisible-space\"><br \/>\n<\/span><\/p>\n<\/div>\n<\/div>\n<\/div>\n","protected":false},"excerpt":{"rendered":"<p>Na tegoroczny Og\u00f3lnopolski Konkurs Poetycki na wiersz o tematyce g\u00f3rskiej im. Tadeusza Staicha wp\u0142yn\u0119\u0142o 147 [&hellip;]<\/p>\n","protected":false},"author":8,"featured_media":576,"comment_status":"closed","ping_status":"closed","sticky":false,"template":"","format":"standard","meta":[],"categories":[1],"tags":[],"acf":[],"_links":{"self":[{"href":"http:\/\/archiwum.festiwale.zakopane.pl\/festiwal-folkloru-2020\/wp-json\/wp\/v2\/posts\/574"}],"collection":[{"href":"http:\/\/archiwum.festiwale.zakopane.pl\/festiwal-folkloru-2020\/wp-json\/wp\/v2\/posts"}],"about":[{"href":"http:\/\/archiwum.festiwale.zakopane.pl\/festiwal-folkloru-2020\/wp-json\/wp\/v2\/types\/post"}],"author":[{"embeddable":true,"href":"http:\/\/archiwum.festiwale.zakopane.pl\/festiwal-folkloru-2020\/wp-json\/wp\/v2\/users\/8"}],"replies":[{"embeddable":true,"href":"http:\/\/archiwum.festiwale.zakopane.pl\/festiwal-folkloru-2020\/wp-json\/wp\/v2\/comments?post=574"}],"version-history":[{"count":3,"href":"http:\/\/archiwum.festiwale.zakopane.pl\/festiwal-folkloru-2020\/wp-json\/wp\/v2\/posts\/574\/revisions"}],"predecessor-version":[{"id":583,"href":"http:\/\/archiwum.festiwale.zakopane.pl\/festiwal-folkloru-2020\/wp-json\/wp\/v2\/posts\/574\/revisions\/583"}],"wp:featuredmedia":[{"embeddable":true,"href":"http:\/\/archiwum.festiwale.zakopane.pl\/festiwal-folkloru-2020\/wp-json\/wp\/v2\/media\/576"}],"wp:attachment":[{"href":"http:\/\/archiwum.festiwale.zakopane.pl\/festiwal-folkloru-2020\/wp-json\/wp\/v2\/media?parent=574"}],"wp:term":[{"taxonomy":"category","embeddable":true,"href":"http:\/\/archiwum.festiwale.zakopane.pl\/festiwal-folkloru-2020\/wp-json\/wp\/v2\/categories?post=574"},{"taxonomy":"post_tag","embeddable":true,"href":"http:\/\/archiwum.festiwale.zakopane.pl\/festiwal-folkloru-2020\/wp-json\/wp\/v2\/tags?post=574"}],"curies":[{"name":"wp","href":"https:\/\/api.w.org\/{rel}","templated":true}]}}