{"id":457,"date":"2020-08-17T10:17:52","date_gmt":"2020-08-17T08:17:52","guid":{"rendered":"https:\/\/festiwale.zakopane.pl\/festiwal-folkloru\/?p=457"},"modified":"2020-08-17T10:20:48","modified_gmt":"2020-08-17T08:20:48","slug":"maria-pomianowska-na-folkowa-nute","status":"publish","type":"post","link":"http:\/\/archiwum.festiwale.zakopane.pl\/festiwal-folkloru-2020\/2020\/08\/17\/maria-pomianowska-na-folkowa-nute\/","title":{"rendered":"Maria Pomianowska &#8211; NA FOLKOW\u0104 NUT\u0118"},"content":{"rendered":"<p>Maria Pomianowska &#8211; Doktor habilitowana sztuk muzycznych, multiinstrumentalistka, wokalistka, kompozytorka i pedagog. Adiunkt w Akademii Muzycznej w Krakowie oraz dyrektor mi\u0119dzynarodowego festiwalu <em>Skrzy\u017cowanie Kultur<\/em>. Cz\u0142onkini rady programowej chi\u0144skiego festiwalu \u201e16+1\u201d z siedzib\u0105 w Chengdu (Chiny).<\/p>\n<p>Od 1984 roku prowadzi studia nad unikalnymi technikami gry na instrumentach muzycznych rodem z Azji i Europy, podr\u00f3\u017cuj\u0105c do Indii, Chin, Korei, Japonii i na Bliski Wsch\u00f3d.\u00a0 Tworzy pierwszy w Polsce zesp\u00f3\u0142 muzyki indyjskiej <em>Raga Sangit<\/em>. Podczas pi\u0119cioletniego pobytu w Japonii (1997-2002) artystka prezentowa\u0142a w najwi\u0119kszych salach koncertowych polsk\u0105 muzyk\u0119 ludow\u0105 i klasyczn\u0105. Komponowa\u0142a dla cesarzowej Japonii Michiko. Zrekonstruowane instrumenty oraz mazowieckie pie\u015bni i melodie wielokrotnie prezentowane by\u0142y na dworze cesarskim Japonii.<\/p>\n<p>Od 2011 roku tworzy unikatowe programy, wraz z muzykami arabskimi, pakista\u0144skimi, senegalskimi, ira\u0144skimi, korea\u0144skimi, chi\u0144skimi, japo\u0144skimi i indyjskimi w Azji i Afryce, bazuj\u0105ce na muzyce ludowej z Mazowsza. Nawi\u0105za\u0142a sta\u0142a wsp\u00f3\u0142prac\u0119 z Normal University w Qanzhou (Chiny) tworz\u0105c projekty ze studentami chi\u0144skimi. W grudniu 2014 wraz z prof. Ew\u0105 Dahlig wyda\u0142a publikacj\u0119 pt \u201eFidele kolanowe. (Re)konstrukcja\u201d.<\/p>\n<p>Komponuje muzyk\u0119 do sztuk teatralnych oraz film\u00f3w.<\/p>\n<p><strong>Zapraszamy serdecznie na koncert 22 sierpnia o godz. 18:00 w ogrodzie przed Centrum Kultury Rodzimej Czerwony Dw\u00f3r, ul. Kasprusie 27.<\/strong><\/p>\n<p>Ze wzgl\u0119du na obostrzenia sanitarne obowi\u0105zuje limit miejsc oraz wcze\u015bniejsza rejestracja internetowa. Brak rejestracji uniemo\u017cliwi uczestnictwo w wydarzeniach.<\/p>\n<p>Rezerwacji miejsc mo\u017cna dokona\u0107 przez stron\u0119 <a href=\"https:\/\/www.zakopane.pl\/rejestracja-na-wydarzenia#\/\" target=\"_blank\" rel=\"noopener noreferrer\">https:\/\/www.zakopane.pl\/rejestracja-na-wydarzenia#\/<\/a> , wybieraj\u0105c wydarzenie z rozwijanej listy.<\/p>\n","protected":false},"excerpt":{"rendered":"<p>Maria Pomianowska &#8211; Doktor habilitowana sztuk muzycznych, multiinstrumentalistka, wokalistka, kompozytorka i pedagog. Adiunkt w Akademii [&hellip;]<\/p>\n","protected":false},"author":7,"featured_media":460,"comment_status":"closed","ping_status":"closed","sticky":false,"template":"","format":"standard","meta":[],"categories":[1],"tags":[],"acf":[],"_links":{"self":[{"href":"http:\/\/archiwum.festiwale.zakopane.pl\/festiwal-folkloru-2020\/wp-json\/wp\/v2\/posts\/457"}],"collection":[{"href":"http:\/\/archiwum.festiwale.zakopane.pl\/festiwal-folkloru-2020\/wp-json\/wp\/v2\/posts"}],"about":[{"href":"http:\/\/archiwum.festiwale.zakopane.pl\/festiwal-folkloru-2020\/wp-json\/wp\/v2\/types\/post"}],"author":[{"embeddable":true,"href":"http:\/\/archiwum.festiwale.zakopane.pl\/festiwal-folkloru-2020\/wp-json\/wp\/v2\/users\/7"}],"replies":[{"embeddable":true,"href":"http:\/\/archiwum.festiwale.zakopane.pl\/festiwal-folkloru-2020\/wp-json\/wp\/v2\/comments?post=457"}],"version-history":[{"count":1,"href":"http:\/\/archiwum.festiwale.zakopane.pl\/festiwal-folkloru-2020\/wp-json\/wp\/v2\/posts\/457\/revisions"}],"predecessor-version":[{"id":459,"href":"http:\/\/archiwum.festiwale.zakopane.pl\/festiwal-folkloru-2020\/wp-json\/wp\/v2\/posts\/457\/revisions\/459"}],"wp:featuredmedia":[{"embeddable":true,"href":"http:\/\/archiwum.festiwale.zakopane.pl\/festiwal-folkloru-2020\/wp-json\/wp\/v2\/media\/460"}],"wp:attachment":[{"href":"http:\/\/archiwum.festiwale.zakopane.pl\/festiwal-folkloru-2020\/wp-json\/wp\/v2\/media?parent=457"}],"wp:term":[{"taxonomy":"category","embeddable":true,"href":"http:\/\/archiwum.festiwale.zakopane.pl\/festiwal-folkloru-2020\/wp-json\/wp\/v2\/categories?post=457"},{"taxonomy":"post_tag","embeddable":true,"href":"http:\/\/archiwum.festiwale.zakopane.pl\/festiwal-folkloru-2020\/wp-json\/wp\/v2\/tags?post=457"}],"curies":[{"name":"wp","href":"https:\/\/api.w.org\/{rel}","templated":true}]}}