{"id":454,"date":"2020-08-17T09:34:48","date_gmt":"2020-08-17T07:34:48","guid":{"rendered":"https:\/\/festiwale.zakopane.pl\/festiwal-folkloru\/?p=454"},"modified":"2020-08-17T09:34:48","modified_gmt":"2020-08-17T07:34:48","slug":"9siyl-warsztaty-z-zespolem","status":"publish","type":"post","link":"http:\/\/archiwum.festiwale.zakopane.pl\/festiwal-folkloru-2020\/2020\/08\/17\/9siyl-warsztaty-z-zespolem\/","title":{"rendered":"9SIY\u0141 &#8211; warsztaty z zespo\u0142em"},"content":{"rendered":"<p>W ramach Jarmarku \u015aw. Cecylii odb\u0119dzie si\u0119 prezentacja i nauka gry na instrumentach pasterskich &#8211; z\u0142\u00f3bcoki, warsztaty poprowadzi zesp\u00f3\u0142 9SIY\u0141. Warsztaty po\u0142\u0105czone b\u0119d\u0105 z koncertem.<\/p>\n<p>Zapraszamy w pi\u0105tek 21 sierpnia o godz. 13:00 w ogrodzie przed Centrum Kultury Rodzimej Czerwony Dw\u00f3r, ul. Kasprusie 27.<\/p>\n<p>Ze wzgl\u0119du na obostrzenia sanitarne obowi\u0105zuje limit miejsc oraz wcze\u015bniejsza rejestracja internetowa.<\/p>\n<p>Rezerwacji miejsc mo\u017cna dokona\u0107 przez stron\u0119 <a href=\"https:\/\/www.zakopane.pl\/rejestracja-na-wydarzenia#\/\" target=\"_blank\" rel=\"noopener noreferrer\">https:\/\/www.zakopane.pl\/rejestracja-na-wydarzenia#\/<\/a> , wybieraj\u0105c wydarzenie z rozwijanej listy.<\/p>\n","protected":false},"excerpt":{"rendered":"<p>W ramach Jarmarku \u015aw. Cecylii odb\u0119dzie si\u0119 prezentacja i nauka gry na instrumentach pasterskich &#8211; [&hellip;]<\/p>\n","protected":false},"author":7,"featured_media":455,"comment_status":"closed","ping_status":"closed","sticky":false,"template":"","format":"standard","meta":[],"categories":[1],"tags":[],"acf":[],"_links":{"self":[{"href":"http:\/\/archiwum.festiwale.zakopane.pl\/festiwal-folkloru-2020\/wp-json\/wp\/v2\/posts\/454"}],"collection":[{"href":"http:\/\/archiwum.festiwale.zakopane.pl\/festiwal-folkloru-2020\/wp-json\/wp\/v2\/posts"}],"about":[{"href":"http:\/\/archiwum.festiwale.zakopane.pl\/festiwal-folkloru-2020\/wp-json\/wp\/v2\/types\/post"}],"author":[{"embeddable":true,"href":"http:\/\/archiwum.festiwale.zakopane.pl\/festiwal-folkloru-2020\/wp-json\/wp\/v2\/users\/7"}],"replies":[{"embeddable":true,"href":"http:\/\/archiwum.festiwale.zakopane.pl\/festiwal-folkloru-2020\/wp-json\/wp\/v2\/comments?post=454"}],"version-history":[{"count":1,"href":"http:\/\/archiwum.festiwale.zakopane.pl\/festiwal-folkloru-2020\/wp-json\/wp\/v2\/posts\/454\/revisions"}],"predecessor-version":[{"id":456,"href":"http:\/\/archiwum.festiwale.zakopane.pl\/festiwal-folkloru-2020\/wp-json\/wp\/v2\/posts\/454\/revisions\/456"}],"wp:featuredmedia":[{"embeddable":true,"href":"http:\/\/archiwum.festiwale.zakopane.pl\/festiwal-folkloru-2020\/wp-json\/wp\/v2\/media\/455"}],"wp:attachment":[{"href":"http:\/\/archiwum.festiwale.zakopane.pl\/festiwal-folkloru-2020\/wp-json\/wp\/v2\/media?parent=454"}],"wp:term":[{"taxonomy":"category","embeddable":true,"href":"http:\/\/archiwum.festiwale.zakopane.pl\/festiwal-folkloru-2020\/wp-json\/wp\/v2\/categories?post=454"},{"taxonomy":"post_tag","embeddable":true,"href":"http:\/\/archiwum.festiwale.zakopane.pl\/festiwal-folkloru-2020\/wp-json\/wp\/v2\/tags?post=454"}],"curies":[{"name":"wp","href":"https:\/\/api.w.org\/{rel}","templated":true}]}}