{"id":446,"date":"2020-08-12T09:23:40","date_gmt":"2020-08-12T07:23:40","guid":{"rendered":"https:\/\/festiwale.zakopane.pl\/festiwal-folkloru\/?p=446"},"modified":"2020-08-18T07:45:14","modified_gmt":"2020-08-18T05:45:14","slug":"miedzynarodowy-festiwal-folkloru-ziem-gorskich-w-formule-on-line","status":"publish","type":"post","link":"http:\/\/archiwum.festiwale.zakopane.pl\/festiwal-folkloru-2020\/2020\/08\/12\/miedzynarodowy-festiwal-folkloru-ziem-gorskich-w-formule-on-line\/","title":{"rendered":"Mi\u0119dzynarodowy Festiwal Folkloru Ziem G\u00f3rskich w formule on-line"},"content":{"rendered":"<div id=\"widget_36f736a4-4193-4eca-a6c9-c4cf85b5f44b\" class=\"widget velacms-widget-rich-content \" data-widget-id=\"bcc34931-7311-4a9a-8f34-ea0c8bb80171\" data-widget-type=\"velacms-widget-rich-content\" data-widget-locked=\"\">\n<div class=\"widget-content\">\n<div class=\"innerHtml\">\n<p><strong>Ju\u017c w najbli\u017csz\u0105 niedziel\u0119 16 sierpnia rozpocznie si\u0119 specjalna edycja Mi\u0119dzynarodowego Festiwalu Folkloru Ziem G\u00f3rskich \u201eG\u00f3rale \u015bwiata sercem w Zakopanem\u201d, kt\u00f3ra jest preludium 52. Festiwalu prze\u0142o\u017conego na 2021 rok. Ze wzgl\u0119du na wyj\u0105tkow\u0105 sytuacj\u0119 epidemii dotychczasowa tradycyjna formu\u0142a tego wydarzenia nie jest mo\u017cliwa do realizacji, jednak g\u00f3ralski folklor b\u0119dzie nam towarzyszy\u0107, a g\u00f3rale z r\u00f3\u017cnych stron \u015bwiata stworz\u0105 wraz z nami e-festiwal.<\/strong><\/p>\n<p><strong>Zapraszamy do \u015bledzenia wydarze\u0144 on-line na naszym kanale w portalu Youtube<\/strong><br \/>\n<strong><a href=\"https:\/\/www.youtube.com\/user\/MFFZG\">https:\/\/www.youtube.com\/user\/MFFZG<\/a><\/strong><\/p>\n<\/div>\n<\/div>\n<\/div>\n<p><!--more--><\/p>\n<div id=\"widget_7342dd12-e062-40f8-af32-c96becb587f6\" class=\"widget velacms-widget-rich-content \" data-widget-id=\"ea58226d-e0eb-49c3-8e8d-0a11f83994f3\" data-widget-type=\"velacms-widget-rich-content\" data-widget-locked=\"\">\n<div class=\"widget-content\">\n<div class=\"innerHtml\">\n<p>W tym roku odwo\u0142any zosta\u0142 przede wszystkim konkurs g\u0142\u00f3wny, w kt\u00f3rym zespo\u0142y z ca\u0142ego \u015bwiata zawsze rywalizowa\u0142y o Z\u0142ote, Srebrne i Br\u0105zowe Ciupagi, a tak\u017ce Konkurs Kapel, \u015apiewak\u00f3w i Instrumentalist\u00f3w Ludowych im. W\u0142adys\u0142awa Trebuni-Tutki. Zespo\u0142y polskie oraz zagraniczne z W\u0142och, Rumunii, W\u0119gier, Bu\u0142garii i Panamy zosta\u0142y zaproszone do prezentacji swoich program\u00f3w w formie nagra\u0144 video. W ten spos\u00f3b g\u00f3rale z ca\u0142ego \u015bwiata b\u0119d\u0105 obecni w Zakopanem nie tylko sercem, ale swoj\u0105 \u0142\u0105czno\u015b\u0107 z nami b\u0119d\u0105 mogli wyrazi\u0107 tak\u017ce poprzez pi\u0119kn\u0105 muzyk\u0119, \u015bpiew i taniec.<\/p>\n<p>W wersji on-line odb\u0119d\u0105 si\u0119 tak\u017ce liczne warsztaty regionalne, animacje dla najm\u0142odszych, prezentacje gry na instrumentach w ramach Jarmarku \u015bw. Cecylii, a tak\u017ce spotkania z zakopia\u0144skimi tw\u00f3rcami i wirtualne wycieczki po pracowniach artyst\u00f3w. W\u015br\u00f3d innych wydarze\u0144 towarzysz\u0105cych warto wymieni\u0107 jeszcze prezentacj\u0119 publikacji pokonferencyjnej \u201eWesele. Mi\u0119dzy przesz\u0142o\u015bci\u0105 a tera\u017aniejszo\u015bci\u0105\u201d oraz albumu \u201eWtopieni w krajobraz. Zakopia\u0144scy Tw\u00f3rcy Ludowi\u201d, og\u0142oszenie wynik\u00f3w 49. Og\u00f3lnopolskiego Konkursu Literackiego im. Tadeusza Staicha na wiersz o tematyce g\u00f3rskiej, a tak\u017ce og\u0142oszenie wynik\u00f3w Konkursu na Dzieci\u0119cy Plakat Festiwalowy oraz Konkursu Fotograficznego \u201e\u017bywio\u0142 Folkloru\u201d.<\/p>\n<p>Jedyne wydarzenia, kt\u00f3re odb\u0119d\u0105 si\u0119 z udzia\u0142em uczestnik\u00f3w i publiczno\u015bci to niedzielna Uroczysta Msza \u015awi\u0119ta inauguruj\u0105ca Festiwal, warsztaty po\u015bwi\u0119cone tradycyjnemu podhala\u0144skiemu instrumentowi \u2013 z\u0142\u00f3bcokom po\u0142\u0105czone z koncertem zespo\u0142u 9SIY\u0141, Modlitwa o pok\u00f3j w Sanktuarium Narodowym Matki Bo\u017cej Fatimskiej na Krzept\u00f3wkach, a tak\u017ce koncert \u201eNa Folkow\u0105 Nut\u0119\u201d z udzia\u0142em Marii Pomianowskiej &#8211; multiinstrumentalistki, wokalistki i kompozytorki znanej z rekonstrukcji dawnych polskich instrument\u00f3w i utwor\u00f3w, a tak\u017ce zami\u0142owania do muzyki etnicznej z r\u00f3\u017cnych stron \u015bwiata.<\/p>\n<p>Festiwalowi b\u0119d\u0105 towarzyszy\u0107 tak\u017ce interesuj\u0105ce wystawy: prezentowana w pi\u0119knych wn\u0119trzach willi Czerwony Dw\u00f3r wystawa \u201eWtopieni w krajobraz. Zakopia\u0144scy Tw\u00f3rcy Ludowi oraz w okalaj\u0105cym j\u0105 ogrodzie plenerowa ekspozycja \u201ePortrety Zakopia\u0144skich Tw\u00f3rc\u00f3w Ludowych w obiektywie Adama Brzozy\u201d, a tak\u017ce umiejscowiona na terenie Dolnej R\u00f3wni Krupowej wystawa przygotowana we wsp\u00f3\u0142pracy z Muzeum Ludowych Instrument\u00f3w Muzycznych w Szyd\u0142owcu. W wersji on-line zobaczymy natomiast wystaw\u0119 \u201eKalejdoskopowy \u015bwiat. Z historii kiermasz\u00f3w sztuki ludowej w Zakopanem w latach 1968 \u2013 2017\u201d przygotowan\u0105 na podstawie ksi\u0105\u017cki autorstwa Jolanty Flach.<\/p>\n<p>52. Mi\u0119dzynarodowy Festiwal Folk\u00adloru Ziem G\u00f3rskich w 2021 roku zostanie zorgani\u00adzowany pod has\u0142em \u201eOd snopka do talerza. Zwyczaje i pie\u015bni rolnicze, pasterskie i biesiadne\u201d. Podczas tegorocznego preludium temat ten zapowie akcja \u201eKulinaria g\u00f3rali \u015bwiata\u201d. Zapraszamy wszystkich mieszka\u0144\u00adc\u00f3w g\u00f3r do dzielenia si\u0119 przepi\u00adsami kulinarnymi charakterystycznymi dla region\u00f3w, z kt\u00f3rych pochodz\u0105. Zach\u0119\u00adcamy do wysy\u0142ania przepis\u00f3w oraz zdj\u0119\u0107 wykonanych potraw poprzez nasz\u0105 stron\u0119 na portalu Facebook @MFFZG.Zakopane lub na adres: mffzg@zakopane.eu. Czekamy r\u00f3wnie\u017c na filmiki z prezentacj\u0105 wykonania potrawy lub wykonaniem pie\u015bni zwi\u0105zanych ze zwyczajami rol\u00adniczymi. Z przes\u0142anych materia\u0142\u00f3w stworzymy mi\u0119dzynarodow\u0105 g\u00f3ralsk\u0105 ksi\u0119g\u0119 kulinarn\u0105, kt\u00f3r\u0105 wydamy w wersji papierowej<br \/>\nw 2021 roku.<\/p>\n<p><strong>Zapraszamy w dniach 16 do 22 sierpnia 2020 do udzia\u0142u na \u017cywo i wirtualnie w Festiwalu. B\u0105d\u017acie sercem w Zakopanem wraz z g\u00f3ralami z ca\u0142ego \u015bwiata!<\/strong><\/p>\n<p><strong>B\u0105d\u017acie z nami on-line:<br \/>\n<a href=\"http:\/\/www.festiwale.zakopane.pl\">www.festiwale.zakopane.pl<\/a><br \/>\nFacebook \u2013 <a href=\"https:\/\/www.facebook.com\/MFFZG.Zakopane\/\" target=\"_blank\" rel=\"noopener noreferrer\">MFFZG.Zakopane<\/a><br \/>\nYouTube &#8211; <a href=\"https:\/\/www.youtube.com\/channel\/UCVit2c54-x2ZJAEh_f526Rw\" target=\"_blank\" rel=\"noopener noreferrer\">MFFZG.Zakopane<\/a><\/strong><strong><br \/>\nInstagram \u2013 <a href=\"https:\/\/www.instagram.com\/festiwal_folkloru_zakopane\/\" target=\"_blank\" rel=\"noopener noreferrer\">festiwal_folkloru_zakopane<\/a><\/strong><\/p>\n<p><i>Organizatorem Mi\u0119dzynarodowego Festiwalu Folkloru Ziem G\u00f3rskich jest Miasto Zakopane i Zakopia\u0144skie Centrum Kultury. <\/i><\/p>\n<p><i>Partnerem g\u0142\u00f3wnym jest Wojew\u00f3dztwo Ma\u0142opolskie. <\/i><\/p>\n<p><i>Festiwal dofinansowany jest ze \u015brodk\u00f3w Ministra Kultury i Dziedzictwa Narodowego pochodz\u0105cych z Funduszu Promocji Kultury.<\/i><\/p>\n<p>&gt;&gt;&gt;Na dwa wydarzenia plenerowe w ogrodzie przed Centrum Kultury Rodzimej Czerwony Dw\u00f3r: warsztaty po\u0142\u0105czone z koncertem zespo\u0142u 9SIY\u0141 (21.08.2020 godz. 13:00) i Koncert &#8222;Na Fokow\u0105 Nut\u0119&#8221; z udzia\u0142em Marii Pomianowskiej (22.08.2020 godz. 18:00) ze wzgl\u0119du na obostrzenia sanitarne obowi\u0105zuje limit miejsc oraz wcze\u015bniejsza rejestracja internetowa. Brak rejestracji uniemo\u017cliwi uczestnictwo w wydarzeniach.<br \/>\n&gt;&gt;&gt;Link do zapis\u00f3w podamy wkr\u00f3tce.<\/p>\n<\/div>\n<\/div>\n<\/div>\n","protected":false},"excerpt":{"rendered":"<p>Ju\u017c w najbli\u017csz\u0105 niedziel\u0119 16 sierpnia rozpocznie si\u0119 specjalna edycja Mi\u0119dzynarodowego Festiwalu Folkloru Ziem G\u00f3rskich [&hellip;]<\/p>\n","protected":false},"author":7,"featured_media":465,"comment_status":"closed","ping_status":"closed","sticky":false,"template":"","format":"standard","meta":[],"categories":[1],"tags":[],"acf":[],"_links":{"self":[{"href":"http:\/\/archiwum.festiwale.zakopane.pl\/festiwal-folkloru-2020\/wp-json\/wp\/v2\/posts\/446"}],"collection":[{"href":"http:\/\/archiwum.festiwale.zakopane.pl\/festiwal-folkloru-2020\/wp-json\/wp\/v2\/posts"}],"about":[{"href":"http:\/\/archiwum.festiwale.zakopane.pl\/festiwal-folkloru-2020\/wp-json\/wp\/v2\/types\/post"}],"author":[{"embeddable":true,"href":"http:\/\/archiwum.festiwale.zakopane.pl\/festiwal-folkloru-2020\/wp-json\/wp\/v2\/users\/7"}],"replies":[{"embeddable":true,"href":"http:\/\/archiwum.festiwale.zakopane.pl\/festiwal-folkloru-2020\/wp-json\/wp\/v2\/comments?post=446"}],"version-history":[{"count":5,"href":"http:\/\/archiwum.festiwale.zakopane.pl\/festiwal-folkloru-2020\/wp-json\/wp\/v2\/posts\/446\/revisions"}],"predecessor-version":[{"id":467,"href":"http:\/\/archiwum.festiwale.zakopane.pl\/festiwal-folkloru-2020\/wp-json\/wp\/v2\/posts\/446\/revisions\/467"}],"wp:featuredmedia":[{"embeddable":true,"href":"http:\/\/archiwum.festiwale.zakopane.pl\/festiwal-folkloru-2020\/wp-json\/wp\/v2\/media\/465"}],"wp:attachment":[{"href":"http:\/\/archiwum.festiwale.zakopane.pl\/festiwal-folkloru-2020\/wp-json\/wp\/v2\/media?parent=446"}],"wp:term":[{"taxonomy":"category","embeddable":true,"href":"http:\/\/archiwum.festiwale.zakopane.pl\/festiwal-folkloru-2020\/wp-json\/wp\/v2\/categories?post=446"},{"taxonomy":"post_tag","embeddable":true,"href":"http:\/\/archiwum.festiwale.zakopane.pl\/festiwal-folkloru-2020\/wp-json\/wp\/v2\/tags?post=446"}],"curies":[{"name":"wp","href":"https:\/\/api.w.org\/{rel}","templated":true}]}}