{"id":422,"date":"2020-07-31T10:17:56","date_gmt":"2020-07-31T08:17:56","guid":{"rendered":"https:\/\/festiwale.zakopane.pl\/festiwal-folkloru\/?p=422"},"modified":"2020-07-31T11:14:48","modified_gmt":"2020-07-31T09:14:48","slug":"prezentacja-publikacji","status":"publish","type":"post","link":"http:\/\/archiwum.festiwale.zakopane.pl\/festiwal-folkloru-2020\/2020\/07\/31\/prezentacja-publikacji\/","title":{"rendered":"&#8222;Wesele. Mi\u0119dzy przesz\u0142o\u015bci\u0105 a tera\u017aniejszo\u015bci\u0105&#8221;. Publikacja pokonferencyjna"},"content":{"rendered":"<p>Wesele to jeden z obrz\u0119d\u00f3w rodzinnych o du\u017cej randze spo\u0142ecznej. Obudowane szeregiem symbolicznych gest\u00f3w i utrwalonych tradycj\u0105 zachowa\u0144 stanowi\u0142o pocz\u0105tek istnienia nowej kom\u00f3rki spo\u0142ecznej jak\u0105 jest rodzina. Nieod\u0142\u0105cznym elementem wesela by\u0142y pie\u015bni \u2013 zar\u00f3wno obrz\u0119dowe jak i towarzysz\u0105ce ta\u0144com.\u00a0 Zmiany cywilizacyjne spowodowa\u0142y, \u017ce pe\u0142ne symboliki formy obrz\u0119dowe straci\u0142y sw\u00f3j pierwotny sens a niekt\u00f3re przeobrazi\u0142y si\u0119 w form\u0119 ludyczn\u0105. Nadal jednak z weselem wi\u0105\u017c\u0105 si\u0119 okre\u015blone zwyczajem zachowania i normy, mocno zr\u00f3\u017cnicowane w zale\u017cno\u015bci od regionu i kultury.<\/p>\n<p>Konferencja naukowa podczas 51 MFFZG pokaza\u0142a bogactwo i r\u00f3\u017cnorodno\u015b\u0107 tradycji weselnych. W publikacji znajduj\u0105 si\u0119 referaty: Zbigniewa J. Przerembskiego, Bo\u017ceny Lewandowskiej, Doroty Majerczyk, Marii Kukuc \u2013 Fr\u0105czystej, Malwiny Ko\u0142t, Mik\u00f3sa Brauna, Mircea Cimpeanu, Evgeniy Grancharovej, B\u03cblenta Kurti\u015f\u0123lu oraz Marii Baliszewskiej.<\/p>\n<p>Patronatem naukowym konferencj\u0119 obj\u0119li: Uniwersytet Jagiello\u0144ski w Krakowie oraz Uniwersytet Papieski Jana Paw\u0142a II w Krakowie.<\/p>\n","protected":false},"excerpt":{"rendered":"<p>Wesele to jeden z obrz\u0119d\u00f3w rodzinnych o du\u017cej randze spo\u0142ecznej. Obudowane szeregiem symbolicznych gest\u00f3w i [&hellip;]<\/p>\n","protected":false},"author":7,"featured_media":423,"comment_status":"closed","ping_status":"closed","sticky":false,"template":"","format":"standard","meta":[],"categories":[1],"tags":[],"acf":[],"_links":{"self":[{"href":"http:\/\/archiwum.festiwale.zakopane.pl\/festiwal-folkloru-2020\/wp-json\/wp\/v2\/posts\/422"}],"collection":[{"href":"http:\/\/archiwum.festiwale.zakopane.pl\/festiwal-folkloru-2020\/wp-json\/wp\/v2\/posts"}],"about":[{"href":"http:\/\/archiwum.festiwale.zakopane.pl\/festiwal-folkloru-2020\/wp-json\/wp\/v2\/types\/post"}],"author":[{"embeddable":true,"href":"http:\/\/archiwum.festiwale.zakopane.pl\/festiwal-folkloru-2020\/wp-json\/wp\/v2\/users\/7"}],"replies":[{"embeddable":true,"href":"http:\/\/archiwum.festiwale.zakopane.pl\/festiwal-folkloru-2020\/wp-json\/wp\/v2\/comments?post=422"}],"version-history":[{"count":4,"href":"http:\/\/archiwum.festiwale.zakopane.pl\/festiwal-folkloru-2020\/wp-json\/wp\/v2\/posts\/422\/revisions"}],"predecessor-version":[{"id":427,"href":"http:\/\/archiwum.festiwale.zakopane.pl\/festiwal-folkloru-2020\/wp-json\/wp\/v2\/posts\/422\/revisions\/427"}],"wp:featuredmedia":[{"embeddable":true,"href":"http:\/\/archiwum.festiwale.zakopane.pl\/festiwal-folkloru-2020\/wp-json\/wp\/v2\/media\/423"}],"wp:attachment":[{"href":"http:\/\/archiwum.festiwale.zakopane.pl\/festiwal-folkloru-2020\/wp-json\/wp\/v2\/media?parent=422"}],"wp:term":[{"taxonomy":"category","embeddable":true,"href":"http:\/\/archiwum.festiwale.zakopane.pl\/festiwal-folkloru-2020\/wp-json\/wp\/v2\/categories?post=422"},{"taxonomy":"post_tag","embeddable":true,"href":"http:\/\/archiwum.festiwale.zakopane.pl\/festiwal-folkloru-2020\/wp-json\/wp\/v2\/tags?post=422"}],"curies":[{"name":"wp","href":"https:\/\/api.w.org\/{rel}","templated":true}]}}