{"id":374,"date":"2020-07-29T09:36:43","date_gmt":"2020-07-29T07:36:43","guid":{"rendered":"https:\/\/festiwale.zakopane.pl\/festiwal-folkloru\/?p=374"},"modified":"2020-07-29T15:11:03","modified_gmt":"2020-07-29T13:11:03","slug":"konkurs-zywiol-folkloru","status":"publish","type":"post","link":"http:\/\/archiwum.festiwale.zakopane.pl\/festiwal-folkloru-2020\/2020\/07\/29\/konkurs-zywiol-folkloru\/","title":{"rendered":"Konkurs &#8222;\u017bywio\u0142 folkloru&#8221;"},"content":{"rendered":"<p>W ramach 51. Mi\u0119dzynarodowego Festiwalu Folkloru Ziem G\u00f3rskich w Zakopanem odby\u0142a si\u0119 sz\u00f3sta edycja konkursu fotograficznego \u201e\u017bywio\u0142 folkloru\u201d. Wzi\u0119\u0142o w nim udzia\u0142 16 uczestnik\u00f3w. \u0141\u0105cznie nades\u0142ano 79 prac. W kategorii dziennikarzy i fotoreporter\u00f3w zwyci\u0119\u017cy\u0142 Tomasz Osuchowski z Zakopanego, a w\u015br\u00f3d festiwalowej publiczno\u015bci autork\u0105 najlepszych zdj\u0119\u0107 okaza\u0142a si\u0119 Sylwia \u017bo\u0142\u0105dek ze Szczecina. G\u0142\u00f3wnym celem konkursu jest ukazanie pi\u0119kna folkloru g\u00f3rali z r\u00f3\u017cnych region\u00f3w \u015bwiata oraz promocja Mi\u0119dzynarodowego Festiwalu Folkloru Ziem G\u00f3rskich w Zakopanem. Podczas Festiwalu ka\u017cdy m\u00f3g\u0142 spr\u00f3bowa\u0107 swoich si\u0142 i uchwyci\u0107 w kadrze kolorowe i rozta\u0144czone zespo\u0142y z ca\u0142ego \u015bwiata. Konkurs ju\u017c tradycyjnie odbywa si\u0119 bowiem w dw\u00f3ch kategoriach: dla akredytowanych podczas festiwalu dziennikarzy i fotoreporter\u00f3w oraz dla festiwalowej publiczno\u015bci.<\/p>\n<p>Ka\u017cdy uczestnik m\u00f3g\u0142 zg\u0142osi\u0107 5 prac w dowolnej technice fotograficznej. Ocenia\u0142o je jury w sk\u0142adzie:<\/p>\n<p>&#8211; Bart\u0142omiej Jurecki Tygodnik Podhala\u0144ski, fotograf<\/p>\n<p>&#8211; Robert Urba\u0144ski Zakopiec.info, fotograf<\/p>\n<p>&#8211; dr Klaudia Cymanow-Sosin, Zast\u0119pca Dyrektora Instytutu Dziennikarstwa i Komunikacji Spo\u0142ecznej Uniwersytetu Papieskiego Jana Paw\u0142a II w Krakowie<\/p>\n<p>&#8211; Agnieszka Nowak-G\u0105sienica, Zast\u0119pca Burmistrza Miasta Zakopane<\/p>\n<p>&#8211; Joanna Staszak, Dyrektor Festiwalu<\/p>\n<p>&#8211; Anna Karpiel-Semberecka, Kierownik Biura Prasowego Festiwalu<\/p>\n<p>&nbsp;<\/p>\n<p>Nagrodzone prace prezentowane b\u0119d\u0105 podczas 52. MFFZG w Zakopanem, wtedy tak\u017ce odb\u0119dzie si\u0119 uroczyste wr\u0119czenie nagr\u00f3d. Jury przyzna\u0142o nast\u0119puj\u0105ce nagrody i wyr\u00f3\u017cnienia:<\/p>\n<p>W kat. I Akredytowani dziennikarze i fotoreporterzy<\/p>\n<p>Nagrod\u0119 finansow\u0105 (za zdj\u0119cie nr 2) w wysoko\u015bci 1.500 z\u0142 otrzymuje:<\/p>\n<p>&#8211; Tomasz Osuchowski z Zakopanego<\/p>\n<p>Nagrod\u0119 specjaln\u0105 Tygodnika Podhala\u0144skiego otrzymuje:<\/p>\n<p>&#8211; Tomasz Osuchowski z Zakopanego (za zdj\u0119cie nr 2)<\/p>\n<p>Nagrod\u0119 specjaln\u0105 portalu Zakopiec.info otrzymuje:<\/p>\n<p>&#8211; Waldemar Sowi\u0144ski z Krakowa (za zdj\u0119cie nr 1)<\/p>\n<p>Wyr\u00f3\u017cnienia otrzymuj\u0105:<\/p>\n<p>&#8211; Piotr Korczak z Zakopanego (za zdj\u0119cie nr 4)<\/p>\n<p>&#8211; Waldemar Sowi\u0144ski z Krakowa (za zdj\u0119cie nr 1)<\/p>\n<p>&#8211; Barbara Hadowska z Ko\u015bcieliska (za zdj\u0119cie nr 2)<\/p>\n<p>W kat. II Publiczno\u015b\u0107<\/p>\n<p>Nagrod\u0119 finansow\u0105 w wysoko\u015bci 1.000 z\u0142 otrzymuj\u0105:<\/p>\n<p>&#8211; Sylwia \u017bo\u0142\u0105dek ze Szczecina (za zdj\u0119cia nr 1 i 4)<\/p>\n<p>Organizatorem konkursu jest Burmistrz Miasta Zakopane, a patronami medialnymi i fundatorami dodatkowych nagr\u00f3d od pierwszej edycji konkurs s\u0105: Tygodnik Podhala\u0144ski, Zakopiec.info, magazyn Press. Partnerem konkursu jest Instytut Dziennikarstwa i Komunikacji Spo\u0142ecznej Uniwersytetu Papieskiego Jana Paw\u0142a II w Krakowie.\u00a0 Wszystkim dotychczasowym laureatom konkursu zawdzi\u0119czamy ju\u017c pi\u0119\u0107 pi\u0119knych wystaw prezentowanych zawsze w sercu Zakopanego \u2013 na Placu Niepodleg\u0142o\u015bci oraz przy ulicy Krup\u00f3wki. Wydrukowane w du\u017cym formacie zdj\u0119cia wygl\u0105daj\u0105 niezwykle i kolorowo, przyci\u0105gaj\u0105 wzrok przechodni\u00f3w i s\u0105 wspania\u0142\u0105 wizyt\u00f3wk\u0105 Festiwalu Folkloru.<\/p>\n<p>&nbsp;<\/p>\n<div id='gallery-1' class='gallery galleryid-374 gallery-columns-3 gallery-size-thumbnail'><figure class='gallery-item'>\n\t\t\t<div class='gallery-icon landscape'>\n\t\t\t\t<a href='http:\/\/archiwum.festiwale.zakopane.pl\/festiwal-folkloru-2020\/2020\/07\/29\/konkurs-zywiol-folkloru\/kop13-2\/'><img width=\"150\" height=\"150\" src=\"http:\/\/archiwum.festiwale.zakopane.pl\/festiwal-folkloru-2020\/wp-content\/uploads\/sites\/7\/2020\/07\/kop13-1-150x150.jpg\" class=\"attachment-thumbnail size-thumbnail\" alt=\"\" loading=\"lazy\" aria-describedby=\"gallery-1-388\" \/><\/a>\n\t\t\t<\/div>\n\t\t\t\t<figcaption class='wp-caption-text gallery-caption' id='gallery-1-388'>\n\t\t\t\tPiotr Korczak\n\t\t\t\t<\/figcaption><\/figure><figure class='gallery-item'>\n\t\t\t<div class='gallery-icon landscape'>\n\t\t\t\t<a href='http:\/\/archiwum.festiwale.zakopane.pl\/festiwal-folkloru-2020\/2020\/07\/29\/konkurs-zywiol-folkloru\/goralskie-wesele_fot-sylwia-zoladek-4-z-5\/'><img width=\"150\" height=\"150\" src=\"http:\/\/archiwum.festiwale.zakopane.pl\/festiwal-folkloru-2020\/wp-content\/uploads\/sites\/7\/2020\/07\/G\u00f3ralskie-wesele_fot.-Sylwia-\u017bo\u0142\u0105dek-4-z-5-150x150.jpg\" class=\"attachment-thumbnail size-thumbnail\" alt=\"\" loading=\"lazy\" aria-describedby=\"gallery-1-387\" \/><\/a>\n\t\t\t<\/div>\n\t\t\t\t<figcaption class='wp-caption-text gallery-caption' id='gallery-1-387'>\n\t\t\t\tSylwia \u017bo\u0142\u0105dek\n\t\t\t\t<\/figcaption><\/figure><figure class='gallery-item'>\n\t\t\t<div class='gallery-icon landscape'>\n\t\t\t\t<a href='http:\/\/archiwum.festiwale.zakopane.pl\/festiwal-folkloru-2020\/2020\/07\/29\/konkurs-zywiol-folkloru\/goralskie-wesele_fot-sylwia-zoladek-3-z-5\/'><img width=\"150\" height=\"150\" src=\"http:\/\/archiwum.festiwale.zakopane.pl\/festiwal-folkloru-2020\/wp-content\/uploads\/sites\/7\/2020\/07\/G\u00f3ralskie-wesele_fot.-Sylwia-\u017bo\u0142\u0105dek-3-z-5-150x150.jpg\" class=\"attachment-thumbnail size-thumbnail\" alt=\"\" loading=\"lazy\" aria-describedby=\"gallery-1-386\" \/><\/a>\n\t\t\t<\/div>\n\t\t\t\t<figcaption class='wp-caption-text gallery-caption' id='gallery-1-386'>\n\t\t\t\tSylwia \u017bo\u0142\u0105dek \n\t\t\t\t<\/figcaption><\/figure><figure class='gallery-item'>\n\t\t\t<div class='gallery-icon landscape'>\n\t\t\t\t<a href='http:\/\/archiwum.festiwale.zakopane.pl\/festiwal-folkloru-2020\/2020\/07\/29\/konkurs-zywiol-folkloru\/dsc_7536barbara-hadowska-34-lata-zywiol-tanca-_kategoria-akredytowani-dziennikarze_\/'><img width=\"150\" height=\"150\" src=\"http:\/\/archiwum.festiwale.zakopane.pl\/festiwal-folkloru-2020\/wp-content\/uploads\/sites\/7\/2020\/07\/DSC_7536Barbara-Hadowska-34-lata-\u017bYWIO\u0141-TA\u0143CA-_kategoria-akredytowani-dziennikarze_-150x150.jpg\" class=\"attachment-thumbnail size-thumbnail\" alt=\"\" loading=\"lazy\" aria-describedby=\"gallery-1-385\" \/><\/a>\n\t\t\t<\/div>\n\t\t\t\t<figcaption class='wp-caption-text gallery-caption' id='gallery-1-385'>\n\t\t\t\tBarbara Hadowska \n\t\t\t\t<\/figcaption><\/figure><figure class='gallery-item'>\n\t\t\t<div class='gallery-icon landscape'>\n\t\t\t\t<a href='http:\/\/archiwum.festiwale.zakopane.pl\/festiwal-folkloru-2020\/2020\/07\/29\/konkurs-zywiol-folkloru\/attachment\/80\/'><img width=\"150\" height=\"150\" src=\"http:\/\/archiwum.festiwale.zakopane.pl\/festiwal-folkloru-2020\/wp-content\/uploads\/sites\/7\/2020\/07\/80-150x150.jpg\" class=\"attachment-thumbnail size-thumbnail\" alt=\"\" loading=\"lazy\" aria-describedby=\"gallery-1-384\" \/><\/a>\n\t\t\t<\/div>\n\t\t\t\t<figcaption class='wp-caption-text gallery-caption' id='gallery-1-384'>\n\t\t\t\tTomasz Osuchowski \n\t\t\t\t<\/figcaption><\/figure><figure class='gallery-item'>\n\t\t\t<div class='gallery-icon landscape'>\n\t\t\t\t<a href='http:\/\/archiwum.festiwale.zakopane.pl\/festiwal-folkloru-2020\/2020\/07\/29\/konkurs-zywiol-folkloru\/01_0587-ev-kat-i\/'><img width=\"150\" height=\"150\" src=\"http:\/\/archiwum.festiwale.zakopane.pl\/festiwal-folkloru-2020\/wp-content\/uploads\/sites\/7\/2020\/07\/01_0587-ev.-kat-I-150x150.jpg\" class=\"attachment-thumbnail size-thumbnail\" alt=\"\" loading=\"lazy\" aria-describedby=\"gallery-1-383\" \/><\/a>\n\t\t\t<\/div>\n\t\t\t\t<figcaption class='wp-caption-text gallery-caption' id='gallery-1-383'>\n\t\t\t\tWaldemar Sowi\u0144ski \n\t\t\t\t<\/figcaption><\/figure>\n\t\t<\/div>\n\n","protected":false},"excerpt":{"rendered":"<p>W ramach 51. Mi\u0119dzynarodowego Festiwalu Folkloru Ziem G\u00f3rskich w Zakopanem odby\u0142a si\u0119 sz\u00f3sta edycja konkursu [&hellip;]<\/p>\n","protected":false},"author":7,"featured_media":383,"comment_status":"closed","ping_status":"closed","sticky":false,"template":"","format":"standard","meta":[],"categories":[1],"tags":[],"acf":[],"_links":{"self":[{"href":"http:\/\/archiwum.festiwale.zakopane.pl\/festiwal-folkloru-2020\/wp-json\/wp\/v2\/posts\/374"}],"collection":[{"href":"http:\/\/archiwum.festiwale.zakopane.pl\/festiwal-folkloru-2020\/wp-json\/wp\/v2\/posts"}],"about":[{"href":"http:\/\/archiwum.festiwale.zakopane.pl\/festiwal-folkloru-2020\/wp-json\/wp\/v2\/types\/post"}],"author":[{"embeddable":true,"href":"http:\/\/archiwum.festiwale.zakopane.pl\/festiwal-folkloru-2020\/wp-json\/wp\/v2\/users\/7"}],"replies":[{"embeddable":true,"href":"http:\/\/archiwum.festiwale.zakopane.pl\/festiwal-folkloru-2020\/wp-json\/wp\/v2\/comments?post=374"}],"version-history":[{"count":10,"href":"http:\/\/archiwum.festiwale.zakopane.pl\/festiwal-folkloru-2020\/wp-json\/wp\/v2\/posts\/374\/revisions"}],"predecessor-version":[{"id":395,"href":"http:\/\/archiwum.festiwale.zakopane.pl\/festiwal-folkloru-2020\/wp-json\/wp\/v2\/posts\/374\/revisions\/395"}],"wp:featuredmedia":[{"embeddable":true,"href":"http:\/\/archiwum.festiwale.zakopane.pl\/festiwal-folkloru-2020\/wp-json\/wp\/v2\/media\/383"}],"wp:attachment":[{"href":"http:\/\/archiwum.festiwale.zakopane.pl\/festiwal-folkloru-2020\/wp-json\/wp\/v2\/media?parent=374"}],"wp:term":[{"taxonomy":"category","embeddable":true,"href":"http:\/\/archiwum.festiwale.zakopane.pl\/festiwal-folkloru-2020\/wp-json\/wp\/v2\/categories?post=374"},{"taxonomy":"post_tag","embeddable":true,"href":"http:\/\/archiwum.festiwale.zakopane.pl\/festiwal-folkloru-2020\/wp-json\/wp\/v2\/tags?post=374"}],"curies":[{"name":"wp","href":"https:\/\/api.w.org\/{rel}","templated":true}]}}