{"id":366,"date":"2020-07-24T13:23:26","date_gmt":"2020-07-24T11:23:26","guid":{"rendered":"https:\/\/festiwale.zakopane.pl\/festiwal-folkloru\/?p=366"},"modified":"2020-07-24T13:23:26","modified_gmt":"2020-07-24T11:23:26","slug":"jarmark-swietej-cecylii","status":"publish","type":"post","link":"http:\/\/archiwum.festiwale.zakopane.pl\/festiwal-folkloru-2020\/2020\/07\/24\/jarmark-swietej-cecylii\/","title":{"rendered":"Jarmark \u015awi\u0119tej Cecylii"},"content":{"rendered":"<p>Jarmark \u015awi\u0119tej Cecylii, czyli wielkie targowisko etnicznych instrument\u00f3w muzycznych. \u015awi\u0119ta Cecylia jest patronk\u0105 ch\u00f3rzyst\u00f3w, lutnik\u00f3w, muzyk\u00f3w i organist\u00f3w, dlatego jej imi\u0119 nosi tak\u017ce zakopia\u0144skie wydarzenie. Dotychczas na Jarmarku mo\u017cna by\u0142o zobaczy\u0107 instrumenty tradycyjne, lutnicze i rekonstruowane, a tak\u017ce autorskie oraz przede wszystkim mo\u017cna by\u0142o spotka\u0107 si\u0119 z ich Tw\u00f3rcami. Pojawi\u0142y si\u0119 mi\u0119dzy innymi: dudy, fujary, gwizdki, okaryny, skrzypce, ko\u0144c\u00f3wki, wiolonczele, basy, dwojnice, kantele, fidel, citola, lira korbowa, suka bi\u0142gorajska, chordofon p\u0142ocki, viola da gamba, buzuki, z\u0142\u00f3bcoki, heligonka, akordeon, gitara modu\u0142owa i wiele innych.<\/p>\n<p>Podczas tegorocznego Jarmarku \u015aw. Cecylii muzycy z Podhala opowiedz\u0105 o budowie, historii i grze na tradycyjnych instrumentach: piszcza\u0142kach, dudach podhala\u0144skich, skrzypcach i z\u0142\u00f3bcokach, a tak\u017ce o instrumencie pojawiaj\u0105cym si\u0119 we wsp\u00f3\u0142czesnych sk\u0142adach muzycznych: akordeonie.<\/p>\n<p>poniedzia\u0142ek 17 sierpnia o godz. 13:00 &#8211; &#8222;Dudy podhala\u0144skie&#8221; &#8211; prowadz\u0105cy Piotr Haza<\/p>\n<p>wtorek 18 sierpnia o godz. 13:00 &#8211; &#8222;Piszcza\u0142ki&#8221; &#8211; prowadz\u0105cy Krzysztof Siuty<\/p>\n<p>\u015broda 19 sierpnia o godz. 13:00 &#8211; &#8222;Skrzypce&#8221; &#8211; prowadz\u0105ca Katarzyna Lassak<\/p>\n<p>czwartek 20 sierpnia o godz, 13:00 &#8211; &#8222;Akordeon&#8221; &#8211; prowadz\u0105cy Andrzej Stacho\u0144 z synem Kamilem<\/p>\n<p>pi\u0105tek 21 sierpnia o godz. 13:00 &#8211; &#8222;Z\u0142\u00f3bcoki&#8221; &#8211; zesp\u00f3\u0142 &#8222;9siy\u0142&#8221;<\/p>\n<p>Refleksja nad tradycyjnymi sk\u0142adami muzyki &#8211; czy jednak ortodoksyjnie trzyma\u0107 si\u0119 tradycji? czy zmienia\u0107 sk\u0142ady zgodnie ze zmieniaj\u0105cymi si\u0119 trendami?<\/p>\n","protected":false},"excerpt":{"rendered":"<p>Jarmark \u015awi\u0119tej Cecylii, czyli wielkie targowisko etnicznych instrument\u00f3w muzycznych. \u015awi\u0119ta Cecylia jest patronk\u0105 ch\u00f3rzyst\u00f3w, lutnik\u00f3w, [&hellip;]<\/p>\n","protected":false},"author":7,"featured_media":368,"comment_status":"closed","ping_status":"closed","sticky":false,"template":"","format":"standard","meta":[],"categories":[1],"tags":[],"acf":[],"_links":{"self":[{"href":"http:\/\/archiwum.festiwale.zakopane.pl\/festiwal-folkloru-2020\/wp-json\/wp\/v2\/posts\/366"}],"collection":[{"href":"http:\/\/archiwum.festiwale.zakopane.pl\/festiwal-folkloru-2020\/wp-json\/wp\/v2\/posts"}],"about":[{"href":"http:\/\/archiwum.festiwale.zakopane.pl\/festiwal-folkloru-2020\/wp-json\/wp\/v2\/types\/post"}],"author":[{"embeddable":true,"href":"http:\/\/archiwum.festiwale.zakopane.pl\/festiwal-folkloru-2020\/wp-json\/wp\/v2\/users\/7"}],"replies":[{"embeddable":true,"href":"http:\/\/archiwum.festiwale.zakopane.pl\/festiwal-folkloru-2020\/wp-json\/wp\/v2\/comments?post=366"}],"version-history":[{"count":2,"href":"http:\/\/archiwum.festiwale.zakopane.pl\/festiwal-folkloru-2020\/wp-json\/wp\/v2\/posts\/366\/revisions"}],"predecessor-version":[{"id":379,"href":"http:\/\/archiwum.festiwale.zakopane.pl\/festiwal-folkloru-2020\/wp-json\/wp\/v2\/posts\/366\/revisions\/379"}],"wp:featuredmedia":[{"embeddable":true,"href":"http:\/\/archiwum.festiwale.zakopane.pl\/festiwal-folkloru-2020\/wp-json\/wp\/v2\/media\/368"}],"wp:attachment":[{"href":"http:\/\/archiwum.festiwale.zakopane.pl\/festiwal-folkloru-2020\/wp-json\/wp\/v2\/media?parent=366"}],"wp:term":[{"taxonomy":"category","embeddable":true,"href":"http:\/\/archiwum.festiwale.zakopane.pl\/festiwal-folkloru-2020\/wp-json\/wp\/v2\/categories?post=366"},{"taxonomy":"post_tag","embeddable":true,"href":"http:\/\/archiwum.festiwale.zakopane.pl\/festiwal-folkloru-2020\/wp-json\/wp\/v2\/tags?post=366"}],"curies":[{"name":"wp","href":"https:\/\/api.w.org\/{rel}","templated":true}]}}