{"id":356,"date":"2020-07-24T12:07:27","date_gmt":"2020-07-24T10:07:27","guid":{"rendered":"https:\/\/festiwale.zakopane.pl\/festiwal-folkloru\/?p=356"},"modified":"2020-07-28T09:28:26","modified_gmt":"2020-07-28T07:28:26","slug":"warsztaty-regionalne-dla-doroslych","status":"publish","type":"post","link":"http:\/\/archiwum.festiwale.zakopane.pl\/festiwal-folkloru-2020\/2020\/07\/24\/warsztaty-regionalne-dla-doroslych\/","title":{"rendered":"Warsztaty regionalne"},"content":{"rendered":"<p>Zapraszamy na warsztaty:<\/p>\n<p>poniedzia\u0142ek 17 sierpnia o godz. 11:00 &#8211; &#8222;Etno bi\u017cuteria z filcu&#8221; &#8211; prowadz\u0105ca Barbara Baniecka &#8211; Dziadzio<\/p>\n<p>wtorek 18 sierpnia o godz. 11:00 &#8211; &#8222;Bukiety z suchych zb\u00f3\u017c&#8221; &#8211; prowadz\u0105ca Anna G\u0105sienica &#8211; Sieczka<\/p>\n<p>\u015broda 19 sierpnia o godz. 11:00 &#8211; &#8222;Haftowanie makatek&#8221; &#8211; prowadz\u0105ca Bogumi\u0142a Da\u0144ko<\/p>\n<p>czwartek 20 sierpnia o godz. 11:00 &#8211; &#8222;Kolorowe serwetki&#8221; &#8211; prowadz\u0105ca Anna Dorula &#8211; Bu\u0144da<\/p>\n<p>pi\u0105tek 21 sierpnia o godz. 11:00 &#8211; &#8222;Tkane barwami&#8221; &#8211; prowadz\u0105ca Dorota Opitz<\/p>\n<p>&nbsp;<\/p>\n","protected":false},"excerpt":{"rendered":"<p>Zapraszamy na warsztaty: poniedzia\u0142ek 17 sierpnia o godz. 11:00 &#8211; &#8222;Etno bi\u017cuteria z filcu&#8221; &#8211; [&hellip;]<\/p>\n","protected":false},"author":7,"featured_media":357,"comment_status":"closed","ping_status":"closed","sticky":false,"template":"","format":"standard","meta":[],"categories":[1],"tags":[],"acf":[],"_links":{"self":[{"href":"http:\/\/archiwum.festiwale.zakopane.pl\/festiwal-folkloru-2020\/wp-json\/wp\/v2\/posts\/356"}],"collection":[{"href":"http:\/\/archiwum.festiwale.zakopane.pl\/festiwal-folkloru-2020\/wp-json\/wp\/v2\/posts"}],"about":[{"href":"http:\/\/archiwum.festiwale.zakopane.pl\/festiwal-folkloru-2020\/wp-json\/wp\/v2\/types\/post"}],"author":[{"embeddable":true,"href":"http:\/\/archiwum.festiwale.zakopane.pl\/festiwal-folkloru-2020\/wp-json\/wp\/v2\/users\/7"}],"replies":[{"embeddable":true,"href":"http:\/\/archiwum.festiwale.zakopane.pl\/festiwal-folkloru-2020\/wp-json\/wp\/v2\/comments?post=356"}],"version-history":[{"count":4,"href":"http:\/\/archiwum.festiwale.zakopane.pl\/festiwal-folkloru-2020\/wp-json\/wp\/v2\/posts\/356\/revisions"}],"predecessor-version":[{"id":373,"href":"http:\/\/archiwum.festiwale.zakopane.pl\/festiwal-folkloru-2020\/wp-json\/wp\/v2\/posts\/356\/revisions\/373"}],"wp:featuredmedia":[{"embeddable":true,"href":"http:\/\/archiwum.festiwale.zakopane.pl\/festiwal-folkloru-2020\/wp-json\/wp\/v2\/media\/357"}],"wp:attachment":[{"href":"http:\/\/archiwum.festiwale.zakopane.pl\/festiwal-folkloru-2020\/wp-json\/wp\/v2\/media?parent=356"}],"wp:term":[{"taxonomy":"category","embeddable":true,"href":"http:\/\/archiwum.festiwale.zakopane.pl\/festiwal-folkloru-2020\/wp-json\/wp\/v2\/categories?post=356"},{"taxonomy":"post_tag","embeddable":true,"href":"http:\/\/archiwum.festiwale.zakopane.pl\/festiwal-folkloru-2020\/wp-json\/wp\/v2\/tags?post=356"}],"curies":[{"name":"wp","href":"https:\/\/api.w.org\/{rel}","templated":true}]}}