{"id":351,"date":"2020-07-24T11:45:41","date_gmt":"2020-07-24T09:45:41","guid":{"rendered":"https:\/\/festiwale.zakopane.pl\/festiwal-folkloru\/?p=351"},"modified":"2020-07-24T11:45:41","modified_gmt":"2020-07-24T09:45:41","slug":"mistrzostwa-podhala-w-powozeniu","status":"publish","type":"post","link":"http:\/\/archiwum.festiwale.zakopane.pl\/festiwal-folkloru-2020\/2020\/07\/24\/mistrzostwa-podhala-w-powozeniu\/","title":{"rendered":"Mistrzostwa Podhala w Powo\u017ceniu"},"content":{"rendered":"<p>Mistrzostwa Podhala w Powo\u017ceniu, organizowane s\u0105 w ramach Mi\u0119dzynarodowego Festiwalu Folkloru Ziem G\u00f3rskich w na R\u00f3wni Krupowej Zakopanem. Organizatorem jest Zwi\u0105zek Podhalan Oddzia\u0142 Zakopane. Partnerami: Miasto Zakopane oraz Ma\u0142opolski Zwi\u0105zek Hodowc\u00f3w Koni. Za\u0142o\u017ceniami programowymi Mistrzostw jest kultywowanie oraz popularyzowanie tradycji g\u00f3ralskich, ukazanie pi\u0119kna i niepowtarzalno\u015bci kulturowej regionu.<\/p>\n<p>Konkurs na Fiakra Roku ma na celu utrzymanie i rozwijanie doro\u017ckarstwa, hodowli koni itp., a konkurs na \u015apiew Pytacki ma za zadanie popularyzacj\u0119 podhala\u0144skiej tradycji pytacowania.<\/p>\n<p>O Mistrzostwach Podhala w Powo\u017ceniu i ich idei opowie Marcin Zubek \u2013 Prezes Zwi\u0105zku Podhalan Oddzia\u0142\u00a0 Zakopane.<\/p>\n<p>Zapraszamy w pi\u0105tek 21 sierpnia o godz. 16:00.<\/p>\n","protected":false},"excerpt":{"rendered":"<p>Mistrzostwa Podhala w Powo\u017ceniu, organizowane s\u0105 w ramach Mi\u0119dzynarodowego Festiwalu Folkloru Ziem G\u00f3rskich w na [&hellip;]<\/p>\n","protected":false},"author":7,"featured_media":352,"comment_status":"closed","ping_status":"closed","sticky":false,"template":"","format":"standard","meta":[],"categories":[1],"tags":[],"acf":[],"_links":{"self":[{"href":"http:\/\/archiwum.festiwale.zakopane.pl\/festiwal-folkloru-2020\/wp-json\/wp\/v2\/posts\/351"}],"collection":[{"href":"http:\/\/archiwum.festiwale.zakopane.pl\/festiwal-folkloru-2020\/wp-json\/wp\/v2\/posts"}],"about":[{"href":"http:\/\/archiwum.festiwale.zakopane.pl\/festiwal-folkloru-2020\/wp-json\/wp\/v2\/types\/post"}],"author":[{"embeddable":true,"href":"http:\/\/archiwum.festiwale.zakopane.pl\/festiwal-folkloru-2020\/wp-json\/wp\/v2\/users\/7"}],"replies":[{"embeddable":true,"href":"http:\/\/archiwum.festiwale.zakopane.pl\/festiwal-folkloru-2020\/wp-json\/wp\/v2\/comments?post=351"}],"version-history":[{"count":1,"href":"http:\/\/archiwum.festiwale.zakopane.pl\/festiwal-folkloru-2020\/wp-json\/wp\/v2\/posts\/351\/revisions"}],"predecessor-version":[{"id":353,"href":"http:\/\/archiwum.festiwale.zakopane.pl\/festiwal-folkloru-2020\/wp-json\/wp\/v2\/posts\/351\/revisions\/353"}],"wp:featuredmedia":[{"embeddable":true,"href":"http:\/\/archiwum.festiwale.zakopane.pl\/festiwal-folkloru-2020\/wp-json\/wp\/v2\/media\/352"}],"wp:attachment":[{"href":"http:\/\/archiwum.festiwale.zakopane.pl\/festiwal-folkloru-2020\/wp-json\/wp\/v2\/media?parent=351"}],"wp:term":[{"taxonomy":"category","embeddable":true,"href":"http:\/\/archiwum.festiwale.zakopane.pl\/festiwal-folkloru-2020\/wp-json\/wp\/v2\/categories?post=351"},{"taxonomy":"post_tag","embeddable":true,"href":"http:\/\/archiwum.festiwale.zakopane.pl\/festiwal-folkloru-2020\/wp-json\/wp\/v2\/tags?post=351"}],"curies":[{"name":"wp","href":"https:\/\/api.w.org\/{rel}","templated":true}]}}