{"id":347,"date":"2020-07-24T09:03:28","date_gmt":"2020-07-24T07:03:28","guid":{"rendered":"https:\/\/festiwale.zakopane.pl\/festiwal-folkloru\/?p=347"},"modified":"2020-07-31T09:21:35","modified_gmt":"2020-07-31T07:21:35","slug":"wtopieni-w-krajobraz-zakopianscy-tworcy-ludowi","status":"publish","type":"post","link":"http:\/\/archiwum.festiwale.zakopane.pl\/festiwal-folkloru-2020\/2020\/07\/24\/wtopieni-w-krajobraz-zakopianscy-tworcy-ludowi\/","title":{"rendered":"Wtopieni w krajobraz. Zakopia\u0144scy Tw\u00f3rcy Ludowi."},"content":{"rendered":"<p>Zakopane jest miastem wyj\u0105tkowym, od stuleci skupiaj\u0105cym umys\u0142y tw\u00f3rcze i niepospolite. Jest miejscem, w kt\u00f3rym dziedzictwo kulturowe jest \u017cywe i wa\u017cne dla spo\u0142eczno\u015bci, praktykowane od pokole\u0144 i przyswajane przez coraz m\u0142odszych depozytariuszy.<\/p>\n<p>Dlatego te\u017c zdecydowali\u015bmy si\u0119 na organizacj\u0119 ekspozycji ukazuj\u0105cych bogactwo dziedzictwa naszego miasta.<\/p>\n<p>Serdecznie zapraszamy na\u00a0 wystaw\u0119 \u201eWtopieni w krajobraz. Zakopia\u0144scy Tw\u00f3rcy Ludowi\u201d. W obrazach na szkle, wierszach pisanych gwar\u0105 czy przedmiotach u\u017cytkowych mo\u017cna odnale\u017a\u0107 g\u00f3ralsk\u0105 \u015blebod\u0119, poczucie estetyki bior\u0105ce sw\u00f3j pocz\u0105tek u podn\u00f3\u017ca Tatr, szacunek do wszelkich przejaw\u00f3w \u017cycia.<\/p>\n<p>Spotkacie tutaj Pa\u0144stwo literat\u00f3w, malarzy i rzemie\u015blnik\u00f3w obdarzonych Bo\u017c\u0105 \u0142ask\u0105 wielkiego talentu, ale tak\u017ce umi\u0142owania tradycji i pi\u0119kna Skalnego Podhala. Poznacie najpi\u0119kniejsze, niepowtarzalne wyroby wytworzone pod Giewontem, aby cieszy\u0142y ludzkie oko i radowa\u0142y serce. Zobaczycie przedmioty z dusz\u0105, nad kt\u00f3rymi Tw\u00f3rca sp\u0119dzi\u0142 wiele czasu aby ostatecznie przybra\u0142y unikatowy kszta\u0142t. A to wszystko przygotowane zgodnie ze star\u0105 tradycj\u0105, przekazywan\u0105 z pokolenia na pokolenie.<\/p>\n<p>&nbsp;<\/p>\n<p>Znakomici zakopia\u0144scy Tw\u00f3rcy zostali uchwyceni w swoich pracowniach przez wybitnego fotografa, urodzonego pod Giewontem, Adama Brzoz\u0119. Zakopia\u0144czyka, pasjonata g\u00f3r i przyrody, ale przede wszystkim fotografii. Ambasadora wielu firm sportowych, fotografa National Geographic Polska. Wykonane przez niego portrety Tw\u00f3rc\u00f3w, a tak\u017ce ich pi\u0119kne, spracowane d\u0142onie, mo\u017cna ogl\u0105da\u0107 w ogrodzie Centrum Kultury Rodzimej &#8211; willi Czerwony Dw\u00f3r na wystawie \u201ePortrety Zakopia\u0144skich Tw\u00f3rc\u00f3w Ludowych w obiektywie Adama Brzozy\u201d. Fotografie wspaniale oddaj\u0105 ulotne chwile pochylania si\u0119 tw\u00f3rcy nad prostymi materia\u0142ami, aby stworzy\u0107 z nich dzie\u0142o sztuki.<\/p>\n<p>Wystawy towarzysz\u0105 publikacji wydanej przez Miasto Zakopane \u201eWtopieni w krajobraz. Zakopia\u0144scy Tw\u00f3rcy Ludowi\u201d, kt\u00f3r\u0105 graficznie oprawi\u0142 zakopia\u0144ski artysta Stanis\u0142aw Berbeka.<\/p>\n<p>Tytu\u0142 publikacji jak i wystaw zaczerpni\u0119ty zosta\u0142 z wypowiedzi znakomitej malarki na szkle \u015b.p. \u201eEweliny P\u0119ksowej\u201d, kt\u00f3ra powiedzia\u0142a: \u00a0\u201eJestem wtopiona w t\u0119 przesz\u0142o\u015b\u0107 i w ten krajobraz, bez kt\u00f3rego bym \u017cy\u0107 nie mog\u0142a\u201d. Jej s\u0142owa sta\u0142y si\u0119 inspiracj\u0105 i zach\u0119t\u0105 do podzielenia si\u0119 dziedzictwem kulturowym Zakopanego.<\/p>\n<p>Serdecznie dzi\u0119kujemy Artystom i ich Rodzinom, a tak\u017ce Wszystkim, kt\u00f3rzy przyczynili si\u0119 do efektu finalnego tego projektu.<\/p>\n<p>&nbsp;<\/p>\n<p>\u017byczymy by zar\u00f3wno wystawy jak i wydawnictwo pozwoli\u0142y odkry\u0107 by\u0107 mo\u017ce nieznan\u0105 stron\u0119 naszego miasta, by otworzy\u0142y przed Pa\u0144stwem zakopia\u0144skie pracownie i pozwoli\u0142y sp\u0119dzi\u0107 w nich chwile przepojone pi\u0119knem kultury ludowej.<\/p>\n<p>&nbsp;<\/p>\n<p>&nbsp;<\/p>\n<p>W wystawie udzia\u0142 bior\u0105:<\/p>\n<p>Literatura: Teresa Bachleda-Kominek, Szymon Bafia, Wojciech G\u0105sienica\u2013Byrcyn, Anna Fryjewicz, Andrzej G\u0105sienica Makowski, J\u00f3zef Pito\u0144, Zofia Roj-Mrozicka, Anna W\u00f3jciak, Izabela W\u00f3jcik,<\/p>\n<p>Malarstwo na szkle: Barbara Baniecka-Dziadzio, Anna Bogucka, Bogdan Dziadzio, Magdalena Fortecka, Zofia Fortecka, Maria G\u0105sienica\u2013G\u0142adczan, Anna Liscar, Zofia Majerczyk\u2013Owczarek, Jolanta P\u0119ksa, Marta Walczak-Stasiowska,<\/p>\n<p>Rze\u017aba: Eugeniusz Bogucki, Florian Walkosz Berda, Stanis\u0142aw Walkosz Jambor,<\/p>\n<p>Wykonywanie element\u00f3w ubrania g\u00f3ralskiego: Andrzej Da\u0144ko, Bogumi\u0142a Da\u0144ko, Mateusz Etynkowski, \u00a0Agnieszka Owczarek-Etynkowska, Maria Sieczka,<\/p>\n<p>Tkactwo: Bo\u017cena G\u0105sienica\u2013Byrcyn, Dorota Opitz,<\/p>\n<p>Kowalstwo i spinkarstwo: Stanis\u0142aw G\u0105sienica\u2013Byrcyn, Janusz G\u0105sienica\u2013Makowski, Pawe\u0142 G\u0105sienica\u2013Makowski, Andrzej Kowalczyk, Damian Lassak, Maciej \u0141ukaszczyk\u2013Capowski, Katarzyna Capowska, Micha\u0142 Sieczka,<\/p>\n<p>Haft, koronkarstwo: Maria Pyci\u0144ska, Danuta Walkosz Jambor, J\u00f3zefa Zubek<\/p>\n<p>Stolarstwo tradycyjne i ko\u0142odziejstwo: stylmach Marcin Zubek<\/p>\n<p>Spo\u015br\u00f3d nie\u017cyj\u0105cych, ale stosunkowo niedawno tworz\u0105cych pod Tatrami, podczas wystawy prezentowane b\u0119d\u0105 prace:<\/p>\n<p>Literatura: Franciszek Bachleda\u2013Ksi\u0119dzularz, Helena Bachleda\u2013Ksi\u0119dzularz,<\/p>\n<p>Malarstwo na szkle: Adam Dole\u017cuchowicz, Ewelina P\u0119ksowa, W\u0142adys\u0142aw Walczak\u2013Baniecki oraz Zdzis\u0142aw Walczak,<\/p>\n<p>Kowalstwo: W\u0142adys\u0142aw G\u0105sienica\u2013Makowski, Wojciech G\u0105sienica\u2013Walczak,\u00a0 Mieczys\u0142aw Kr\u00f3l\u2013\u0141\u0119gowski.<\/p>\n<p>Serdecznie zapraszamy!<\/p>\n","protected":false},"excerpt":{"rendered":"<p>Zakopane jest miastem wyj\u0105tkowym, od stuleci skupiaj\u0105cym umys\u0142y tw\u00f3rcze i niepospolite. Jest miejscem, w kt\u00f3rym [&hellip;]<\/p>\n","protected":false},"author":7,"featured_media":421,"comment_status":"closed","ping_status":"closed","sticky":false,"template":"","format":"standard","meta":[],"categories":[1],"tags":[],"acf":[],"_links":{"self":[{"href":"http:\/\/archiwum.festiwale.zakopane.pl\/festiwal-folkloru-2020\/wp-json\/wp\/v2\/posts\/347"}],"collection":[{"href":"http:\/\/archiwum.festiwale.zakopane.pl\/festiwal-folkloru-2020\/wp-json\/wp\/v2\/posts"}],"about":[{"href":"http:\/\/archiwum.festiwale.zakopane.pl\/festiwal-folkloru-2020\/wp-json\/wp\/v2\/types\/post"}],"author":[{"embeddable":true,"href":"http:\/\/archiwum.festiwale.zakopane.pl\/festiwal-folkloru-2020\/wp-json\/wp\/v2\/users\/7"}],"replies":[{"embeddable":true,"href":"http:\/\/archiwum.festiwale.zakopane.pl\/festiwal-folkloru-2020\/wp-json\/wp\/v2\/comments?post=347"}],"version-history":[{"count":2,"href":"http:\/\/archiwum.festiwale.zakopane.pl\/festiwal-folkloru-2020\/wp-json\/wp\/v2\/posts\/347\/revisions"}],"predecessor-version":[{"id":350,"href":"http:\/\/archiwum.festiwale.zakopane.pl\/festiwal-folkloru-2020\/wp-json\/wp\/v2\/posts\/347\/revisions\/350"}],"wp:featuredmedia":[{"embeddable":true,"href":"http:\/\/archiwum.festiwale.zakopane.pl\/festiwal-folkloru-2020\/wp-json\/wp\/v2\/media\/421"}],"wp:attachment":[{"href":"http:\/\/archiwum.festiwale.zakopane.pl\/festiwal-folkloru-2020\/wp-json\/wp\/v2\/media?parent=347"}],"wp:term":[{"taxonomy":"category","embeddable":true,"href":"http:\/\/archiwum.festiwale.zakopane.pl\/festiwal-folkloru-2020\/wp-json\/wp\/v2\/categories?post=347"},{"taxonomy":"post_tag","embeddable":true,"href":"http:\/\/archiwum.festiwale.zakopane.pl\/festiwal-folkloru-2020\/wp-json\/wp\/v2\/tags?post=347"}],"curies":[{"name":"wp","href":"https:\/\/api.w.org\/{rel}","templated":true}]}}