{"id":33,"date":"2020-07-10T22:53:12","date_gmt":"2020-07-10T20:53:12","guid":{"rendered":"https:\/\/festiwale.zakopane.pl\/festiwal-koled\/?p=33"},"modified":"2020-07-22T14:44:21","modified_gmt":"2020-07-22T12:44:21","slug":"zakopane-jest-pieknym-miastem-z-tradycja","status":"publish","type":"post","link":"http:\/\/archiwum.festiwale.zakopane.pl\/festiwal-folkloru-2020\/2020\/07\/10\/zakopane-jest-pieknym-miastem-z-tradycja\/","title":{"rendered":"G\u00f3rale \u015bwiata sercem w Zakopanem"},"content":{"rendered":"<p>W sierpniu 2020 roku zaplanowana zosta\u0142a edycja specjalna Mi\u0119dzynarodowego Festiwalu Folkloru Ziem G\u00f3rskich \u201eG\u00f3rale \u015bwiata sercem w Zakopanem\u201d, kt\u00f3ra b\u0119dzie preludium 52. Festiwalu prze\u0142o\u017conego na rok 2021. Ze wzgl\u0119du na wyj\u0105tkow\u0105 sytuacj\u0119 pandemii dotychczasowa formu\u0142a tego wydarzenia nie jest mo\u017cliwa do realizacji, jednak g\u00f3ralski folklor b\u0119dzie nam towarzyszy\u0107, a g\u00f3rale z r\u00f3\u017cnych stron \u015bwiata stworz\u0105 wraz z nami e-festiwal. Ta wyj\u0105tkowa edycja po\u015bwi\u0119cona zostanie g\u00f3ralskim kulinariom, a temat ten pozostanie z nami tak\u017ce w kolejnym roku.<!--more--><\/p>\n<p>W ramach tegorocznej edycji \u2013 preludium 52 MFFZG chcieliby\u015bmy Pa\u0144stwu zaprezentowa\u0107 kilka ekspozycji zwi\u0105zanych z wydarzeniem.<\/p>\n<p>Wystawy \u201eWtopieni w krajobraz. Zakopia\u0144scy Tw\u00f3rcy Ludowi\u201d oraz \u201ePortrety Zakopia\u0144skich Tw\u00f3rc\u00f3w Ludowych w obiektywie Adama Brzozy\u201d b\u0119d\u0105 towarzyszy\u0107 przygotowanej przez Miasto Zakopane publikacji po\u015bwi\u0119conej osobom tworz\u0105cym w Zakopanem. B\u0119d\u0105 to malarze na szkle, literaci, rze\u017abiarze, hafciarki, kowale, osoby tkaj\u0105ce i wykonuj\u0105ce ubrania g\u00f3ralskie a tak\u017ce paraj\u0105ce si\u0119 wyrobem woz\u00f3w konnych. Na obydwie wystawy zapraszamy do Centrum Kultury Rodzimej- willa Czerwony Dw\u00f3r, ul. Kasprusie 27.<\/p>\n<p>Zapraszamy Pa\u0144stwa r\u00f3wnie\u017c na spotkanie z Tw\u00f3rcami Ludowymi, kt\u00f3rzy od wielu lat tworz\u0105 wielk\u0105 Festiwalow\u0105 rodzin\u0119. Ich portrety i prace wspaniale uchwyci\u0142a Jolanta Flach, kt\u00f3ra od wielu lat dokumentuje \u201eulotne chwile festiwalu\u201d. Zach\u0119camy r\u00f3wnie\u017c do zapoznania si\u0119 z publikacj\u0105 autorstwa Jolanty Flach, wydan\u0105 przez Miasto Zakopane z okazji 50 MFFZG. Dla wszystkich, kt\u00f3rzy chcieliby pozna\u0107 tajniki r\u0119kodzie\u0142a przygotowali\u015bmy, jak co roku warsztaty tematyczne.<\/p>\n<p>Najm\u0142odsi mi\u0142o\u015bnicy folkloru zaprezentuj\u0105 swoje talenty podczas pokonkursowej wystawy \u201eDzieci\u0119cy plakat festiwalowy\u201d. Og\u0142osimy r\u00f3wnie\u017c wyniki i wr\u0119czymy Laureatom Konkursu nagrody. Dzieci b\u0119d\u0105 mog\u0142y wzi\u0105\u0107 udzia\u0142 w tradycyjnych dla Festiwalu animacjach, kt\u00f3re b\u0119d\u0105 nawi\u0105zywa\u0142y do tematu przewodniego Festiwalu.<\/p>\n<p>Nie zabraknie r\u00f3wnie\u017c spotkania z poezj\u0105 g\u00f3rsk\u0105. Zaprezentujemy wiersze nades\u0142ane na 49 edycj\u0119 Og\u00f3lnopolskiego Konkursu Literackiego na wiersz o tematyce g\u00f3rskiej im. Tadeusza Staicha.<\/p>\n<p>Podczas tegorocznej edycji wydarzenia nie zabraknie r\u00f3wnie\u017c koncert\u00f3w zar\u00f3wno zespo\u0142\u00f3w z Polski jak i z ca\u0142ego \u015bwiata, prezentuj\u0105cych repertuar folklorystyczny jak i folkowy. Podhala\u0144scy Muzykanci b\u0119d\u0105 nauczali gry na instrumentach oraz zdradzali tajniki ich budowy. O skrzypcach, basach, piszcza\u0142kach i innych opowiada\u0107 b\u0119dzie wystawa przygotowana we wsp\u00f3\u0142pracy z Muzeum Ludowych Instrument\u00f3w Muzycznych w Szyd\u0142owcu.<\/p>\n<p>(RKW)<\/p>\n","protected":false},"excerpt":{"rendered":"<p>W sierpniu 2020 roku zaplanowana zosta\u0142a edycja specjalna Mi\u0119dzynarodowego Festiwalu Folkloru Ziem G\u00f3rskich \u201eG\u00f3rale \u015bwiata [&hellip;]<\/p>\n","protected":false},"author":1,"featured_media":253,"comment_status":"closed","ping_status":"closed","sticky":false,"template":"","format":"standard","meta":[],"categories":[1],"tags":[],"acf":[],"_links":{"self":[{"href":"http:\/\/archiwum.festiwale.zakopane.pl\/festiwal-folkloru-2020\/wp-json\/wp\/v2\/posts\/33"}],"collection":[{"href":"http:\/\/archiwum.festiwale.zakopane.pl\/festiwal-folkloru-2020\/wp-json\/wp\/v2\/posts"}],"about":[{"href":"http:\/\/archiwum.festiwale.zakopane.pl\/festiwal-folkloru-2020\/wp-json\/wp\/v2\/types\/post"}],"author":[{"embeddable":true,"href":"http:\/\/archiwum.festiwale.zakopane.pl\/festiwal-folkloru-2020\/wp-json\/wp\/v2\/users\/1"}],"replies":[{"embeddable":true,"href":"http:\/\/archiwum.festiwale.zakopane.pl\/festiwal-folkloru-2020\/wp-json\/wp\/v2\/comments?post=33"}],"version-history":[{"count":1,"href":"http:\/\/archiwum.festiwale.zakopane.pl\/festiwal-folkloru-2020\/wp-json\/wp\/v2\/posts\/33\/revisions"}],"predecessor-version":[{"id":254,"href":"http:\/\/archiwum.festiwale.zakopane.pl\/festiwal-folkloru-2020\/wp-json\/wp\/v2\/posts\/33\/revisions\/254"}],"wp:featuredmedia":[{"embeddable":true,"href":"http:\/\/archiwum.festiwale.zakopane.pl\/festiwal-folkloru-2020\/wp-json\/wp\/v2\/media\/253"}],"wp:attachment":[{"href":"http:\/\/archiwum.festiwale.zakopane.pl\/festiwal-folkloru-2020\/wp-json\/wp\/v2\/media?parent=33"}],"wp:term":[{"taxonomy":"category","embeddable":true,"href":"http:\/\/archiwum.festiwale.zakopane.pl\/festiwal-folkloru-2020\/wp-json\/wp\/v2\/categories?post=33"},{"taxonomy":"post_tag","embeddable":true,"href":"http:\/\/archiwum.festiwale.zakopane.pl\/festiwal-folkloru-2020\/wp-json\/wp\/v2\/tags?post=33"}],"curies":[{"name":"wp","href":"https:\/\/api.w.org\/{rel}","templated":true}]}}