{"id":294,"date":"2020-07-22T14:28:26","date_gmt":"2020-07-22T12:28:26","guid":{"rendered":"https:\/\/festiwale.zakopane.pl\/festiwal-folkloru\/?p=294"},"modified":"2020-07-22T14:28:43","modified_gmt":"2020-07-22T12:28:43","slug":"konkurs-plastyczny-na-dzieciecy-plakat-festiwalowy","status":"publish","type":"post","link":"http:\/\/archiwum.festiwale.zakopane.pl\/festiwal-folkloru-2020\/2020\/07\/22\/konkurs-plastyczny-na-dzieciecy-plakat-festiwalowy\/","title":{"rendered":"Konkurs plastyczny na Dzieci\u0119cy plakat festiwalowy"},"content":{"rendered":"<p>Na tegoroczny konkurs plastyczny na Dzieci\u0119cy plakat festiwalowy nades\u0142ano 48 prac z 11 plac\u00f3wek o\u015bwiatowo-wychowawczych. \u00a0Prace b\u0119dzie mo\u017cna podziwia\u0107 od 4 sierpnia w Parku Miejskim im. Marsza\u0142ka J\u00f3zefa Pi\u0142sudskiego w Zakopanem. Uroczyste wr\u0119czenie nagr\u00f3d laureatom odb\u0119dzie si\u0119 w czwartek 20 sierpnia. O szczeg\u00f3\u0142ach b\u0119dziemy informowa\u0107 na bie\u017c\u0105co na naszym Facebook\u2019u oraz na stronie <a href=\"http:\/\/www.festiwale.zakopane.pl\">www.festiwale.zakopane.pl<\/a><\/p>\n","protected":false},"excerpt":{"rendered":"<p>Na tegoroczny konkurs plastyczny na Dzieci\u0119cy plakat festiwalowy nades\u0142ano 48 prac z 11 plac\u00f3wek o\u015bwiatowo-wychowawczych. [&hellip;]<\/p>\n","protected":false},"author":2,"featured_media":295,"comment_status":"closed","ping_status":"closed","sticky":false,"template":"","format":"standard","meta":[],"categories":[1],"tags":[],"acf":[],"_links":{"self":[{"href":"http:\/\/archiwum.festiwale.zakopane.pl\/festiwal-folkloru-2020\/wp-json\/wp\/v2\/posts\/294"}],"collection":[{"href":"http:\/\/archiwum.festiwale.zakopane.pl\/festiwal-folkloru-2020\/wp-json\/wp\/v2\/posts"}],"about":[{"href":"http:\/\/archiwum.festiwale.zakopane.pl\/festiwal-folkloru-2020\/wp-json\/wp\/v2\/types\/post"}],"author":[{"embeddable":true,"href":"http:\/\/archiwum.festiwale.zakopane.pl\/festiwal-folkloru-2020\/wp-json\/wp\/v2\/users\/2"}],"replies":[{"embeddable":true,"href":"http:\/\/archiwum.festiwale.zakopane.pl\/festiwal-folkloru-2020\/wp-json\/wp\/v2\/comments?post=294"}],"version-history":[{"count":2,"href":"http:\/\/archiwum.festiwale.zakopane.pl\/festiwal-folkloru-2020\/wp-json\/wp\/v2\/posts\/294\/revisions"}],"predecessor-version":[{"id":297,"href":"http:\/\/archiwum.festiwale.zakopane.pl\/festiwal-folkloru-2020\/wp-json\/wp\/v2\/posts\/294\/revisions\/297"}],"wp:featuredmedia":[{"embeddable":true,"href":"http:\/\/archiwum.festiwale.zakopane.pl\/festiwal-folkloru-2020\/wp-json\/wp\/v2\/media\/295"}],"wp:attachment":[{"href":"http:\/\/archiwum.festiwale.zakopane.pl\/festiwal-folkloru-2020\/wp-json\/wp\/v2\/media?parent=294"}],"wp:term":[{"taxonomy":"category","embeddable":true,"href":"http:\/\/archiwum.festiwale.zakopane.pl\/festiwal-folkloru-2020\/wp-json\/wp\/v2\/categories?post=294"},{"taxonomy":"post_tag","embeddable":true,"href":"http:\/\/archiwum.festiwale.zakopane.pl\/festiwal-folkloru-2020\/wp-json\/wp\/v2\/tags?post=294"}],"curies":[{"name":"wp","href":"https:\/\/api.w.org\/{rel}","templated":true}]}}