{"id":291,"date":"2020-07-22T14:26:18","date_gmt":"2020-07-22T12:26:18","guid":{"rendered":"https:\/\/festiwale.zakopane.pl\/festiwal-folkloru\/?p=291"},"modified":"2020-07-22T14:26:18","modified_gmt":"2020-07-22T12:26:18","slug":"konkurs-literacki-im-tadeusza-staicha","status":"publish","type":"post","link":"http:\/\/archiwum.festiwale.zakopane.pl\/festiwal-folkloru-2020\/2020\/07\/22\/konkurs-literacki-im-tadeusza-staicha\/","title":{"rendered":"Konkurs literacki im. Tadeusza Staicha"},"content":{"rendered":"<p>Co roku w ramach Mi\u0119dzynarodowego Festiwalu Folkloru Ziem G\u00f3rskich odbywa si\u0119 Og\u00f3lnopolski Konkurs Literacki im. Tadeusza Staicha na wiersz o tematyce g\u00f3rskiej.\u00a0 W konkursie uczestniczy\u0107 mog\u0105 wszyscy pisz\u0105cy w j\u0119zyku polskim literackim lub w gwarze g\u00f3ralskiej. Autorzy nadsy\u0142aj\u0105 swoje \u00a0utwory nigdzie dotychczas nie publikowane.\u00a0 W tegorocznej edycji udzia\u0142 wzi\u0119\u0142o 55 autor\u00f3w, kt\u00f3rzy nades\u0142ali 147 wierszy.<!--more--><\/p>\n<p>Tadeusz Staich (1913-1987) jest postaci\u0105 niezwykle zas\u0142u\u017con\u0105 dla kultury podhala\u0144skiej. By\u0142 pisarzem, dziennikarzem, dzia\u0142aczem i honorowym cz\u0142onkiem Zwi\u0105zku Podhalan, a tak\u017ce dzia\u0142aczem PTT i PTTK, przewodnikiem tatrza\u0144skim i redaktorem naczelnym \u201e\u017bycia Zakopia\u0144skiego\u201d. Urodzi\u0142 si\u0119 na ziemi krakowskiej, ale to w\u0142a\u015bnie Podhale wybra\u0142 na swoj\u0105 ma\u0142\u0105 ojczyzn\u0119. W Teatrze im. Heleny Modrzejewskiej prowadzi\u0142 \u201eStudium S\u0142owa\u201d, w latach 70-tych by\u0142 prezesem zakopia\u0144skiego Klubu Literackiego. Zosta\u0142 laureatem pierwszej nagrody literackiej Zakopanego za publikacj\u0119 \u201eDrogami skalnej ziemi\u201d, kt\u00f3rej wsp\u00f3\u0142autork\u0105 by\u0142a Hanna Pie\u0144kowska. Uchodzi\u0142 za niekwestionowany autorytet w dziedzinie obyczaj\u00f3w i gwary g\u00f3ralskiej. W 1972 r. jako prezes Zakopia\u0144skiego Klubu Literackiego by\u0142 inicjatorem konkursu literackiego na wiersz o tematyce g\u00f3rskiej, kt\u00f3remu z czasem nadano jego imi\u0119.<\/p>\n<p>Og\u0142oszenie wynik\u00f3w nast\u0105pi w formie zdalnej w dniu 19 sierpnia 2020 roku o godz. 16:00. Protok\u00f3\u0142 b\u0119dzie dost\u0119pny na stronie <a href=\"http:\/\/www.festiwale.zakopane.pl\">www.festiwale.zakopane.pl<\/a> \u00a0W zwi\u0105zku z panuj\u0105c\u0105 pandemi\u0105 nagrodzone utwory zaprezentuje Krzysztof \u0141akomik aktor Teatru im. St. I. Witkiewicza oraz Katarzyna Stacho\u0144-Groblowy instruktor Parafialnego regionalnego Zespo\u0142u \u201eGiewont\u201d<\/p>\n<p>(RKW)<\/p>\n","protected":false},"excerpt":{"rendered":"<p>Co roku w ramach Mi\u0119dzynarodowego Festiwalu Folkloru Ziem G\u00f3rskich odbywa si\u0119 Og\u00f3lnopolski Konkurs Literacki im. [&hellip;]<\/p>\n","protected":false},"author":2,"featured_media":292,"comment_status":"closed","ping_status":"closed","sticky":false,"template":"","format":"standard","meta":[],"categories":[1],"tags":[],"acf":[],"_links":{"self":[{"href":"http:\/\/archiwum.festiwale.zakopane.pl\/festiwal-folkloru-2020\/wp-json\/wp\/v2\/posts\/291"}],"collection":[{"href":"http:\/\/archiwum.festiwale.zakopane.pl\/festiwal-folkloru-2020\/wp-json\/wp\/v2\/posts"}],"about":[{"href":"http:\/\/archiwum.festiwale.zakopane.pl\/festiwal-folkloru-2020\/wp-json\/wp\/v2\/types\/post"}],"author":[{"embeddable":true,"href":"http:\/\/archiwum.festiwale.zakopane.pl\/festiwal-folkloru-2020\/wp-json\/wp\/v2\/users\/2"}],"replies":[{"embeddable":true,"href":"http:\/\/archiwum.festiwale.zakopane.pl\/festiwal-folkloru-2020\/wp-json\/wp\/v2\/comments?post=291"}],"version-history":[{"count":1,"href":"http:\/\/archiwum.festiwale.zakopane.pl\/festiwal-folkloru-2020\/wp-json\/wp\/v2\/posts\/291\/revisions"}],"predecessor-version":[{"id":293,"href":"http:\/\/archiwum.festiwale.zakopane.pl\/festiwal-folkloru-2020\/wp-json\/wp\/v2\/posts\/291\/revisions\/293"}],"wp:featuredmedia":[{"embeddable":true,"href":"http:\/\/archiwum.festiwale.zakopane.pl\/festiwal-folkloru-2020\/wp-json\/wp\/v2\/media\/292"}],"wp:attachment":[{"href":"http:\/\/archiwum.festiwale.zakopane.pl\/festiwal-folkloru-2020\/wp-json\/wp\/v2\/media?parent=291"}],"wp:term":[{"taxonomy":"category","embeddable":true,"href":"http:\/\/archiwum.festiwale.zakopane.pl\/festiwal-folkloru-2020\/wp-json\/wp\/v2\/categories?post=291"},{"taxonomy":"post_tag","embeddable":true,"href":"http:\/\/archiwum.festiwale.zakopane.pl\/festiwal-folkloru-2020\/wp-json\/wp\/v2\/tags?post=291"}],"curies":[{"name":"wp","href":"https:\/\/api.w.org\/{rel}","templated":true}]}}